{"id":9872,"date":"2023-06-05T12:11:01","date_gmt":"2023-06-05T10:11:01","guid":{"rendered":"https:\/\/www.anzianienonsolo.it\/online\/?p=9872"},"modified":"2023-06-05T12:25:20","modified_gmt":"2023-06-05T10:25:20","slug":"comunicato-stampa-3","status":"publish","type":"post","link":"https:\/\/www.anzianienonsolo.it\/online\/comunicato-stampa-3\/","title":{"rendered":"BOOM: LA NUOVA APP PER ALLENARE LA MEMORIA E RISOLLEVARE L\u2019UMORE"},"content":{"rendered":"\n<p><strong>Il progetto europeo \u201cBox of our Memories\u201d (BooM), letteralmente \u201cla scatola dei nostri ricordi\u201d, lancia una nuova App gratuita che permette di strutturare sessioni di terapia della reminiscenza con i propri cari con demenza. La terapia della reminiscenza stimola i ricordi e la loro condivisione grazie alla presentazione di materiali emotivamente significativi per la persona affetta da demenza. L\u2019App \u00e8 stata testata non solo dai familiari e dai loro cari, ma anche da alcuni professionisti sociosanitari e museali coinvolti nella formazione organizzata dalla Societ\u00e0 cooperativa sociale Anziani e non solo, in collaborazione con ASP Citt\u00e0 di Bologna.<\/strong><\/p>\n\n\n\n<p>Con la supervisione della Societ\u00e0 cooperativa sociale Anziani e non solo, partner del progetto BooM, da febbraio 2023 psicologi, animatori sociali, responsabili delle attivit\u00e0 assistenziali, operatori socio-sanitari e operatori museali di ASP Citt\u00e0 di Bologna sono stati impegnati nel corso di formazione \u201cLe scatole dei nostri ricordi\u201d, secondo risultato del progetto BooM finanziato dal programma europeo Erasmus+. La&nbsp;formazione \u00e8 stata progettata per fornire ai professionisti che lavorano con persone con demenza ed operatori che lavorano in musei ed archivi le competenze e le abilit\u00e0 necessarie ad implementare sessioni&nbsp;di terapia della reminiscenza tramite l\u2019uso dell\u2019app di Boom, una scatola dei ricordi personalizzata tutta digitale. L\u2019App \u00e8 un vero e proprio&nbsp;archivio digitale di foto, video, luoghi e oggetti 3D appartenenti alla vita presente o passata della persona con demenza e per lei emotivamente significativi, in grado di stimolare i ricordi ed emozioni piacevoli.<\/p>\n\n\n\n<p>L\u2019App pu\u00f2 essere utilizzata direttamente dalle persone con demenza con il supporto dei caregiver familiari e\/o degli operatori, al fine di selezionare i materiali della reminiscenza e avviare conversazioni significative. Questo \u00e8 quello che \u00e8 avvenuto in occasione della sperimentazione presso il Centro di Incontro Margherita e il Vital\u00e9 Caff\u00e8 (Bologna), occasioni di incontro tra i professionisti sociosanitari di ASP, i caregiver familiari e le persone con demenza per introdurre e sperimentare l\u2019App sviluppata dal consorzio BooM. Questo coinvolgente evento ha concluso la fase di sperimentazione italiana, ma ha anche segnato una nuova ripartenza non solo per il consorzio ma anche per chi \u00e8 stato coinvolto nel corso pilota \u2013 presto disponibile online come risorsa multilingue, gratuita e aperta a tutti \u2013. <\/p>\n\n\n\n<p><strong>Per rimanere aggiornati sui prossimi passi e per consultare le risorse del partenariato BooM, rimanete sintonizzati su <a href=\"http:\/\/www.boxofourmemories.eu\" data-type=\"URL\" data-id=\"www.boxofourmemories.eu\">www.boxofourmemories.eu<\/a>.<\/strong><\/p>\n\n\n\n<p>Il comunicato stampa completo \u00e8 disponibile su:<br><a href=\"https:\/\/boxofourmemories.eu\/en\/news\/latestnews\/boom-project-launches-its-continuing-professional-development-cpd-course\" target=\"_blank\" rel=\"noreferrer noopener\">https:\/\/boxofourmemories.eu\/en\/news\/latestnews\/boom-project-launches-its-continuing-professional-development-cpd-course<\/a><\/p>\n","protected":false},"excerpt":{"rendered":"<p>Il progetto europeo \u201cBox of our Memories\u201d (BooM), letteralmente \u201cla scatola dei nostri ricordi\u201d, lancia una nuova App gratuita che permette di strutturare sessioni di terapia della reminiscenza con i propri cari con demenza. La terapia della reminiscenza stimola i ricordi e la loro condivisione grazie alla presentazione di materiali emotivamente significativi per la persona<\/p>\n","protected":false},"author":1,"featured_media":9396,"comment_status":"closed","ping_status":"closed","sticky":false,"template":"","format":"standard","meta":{"footnotes":""},"categories":[475,178],"tags":[],"class_list":["post-9872","post","type-post","status-publish","format-standard","has-post-thumbnail","hentry","category-demenza-alzheimer","category-in-primo-piano"],"_links":{"self":[{"href":"https:\/\/www.anzianienonsolo.it\/online\/wp-json\/wp\/v2\/posts\/9872"}],"collection":[{"href":"https:\/\/www.anzianienonsolo.it\/online\/wp-json\/wp\/v2\/posts"}],"about":[{"href":"https:\/\/www.anzianienonsolo.it\/online\/wp-json\/wp\/v2\/types\/post"}],"author":[{"embeddable":true,"href":"https:\/\/www.anzianienonsolo.it\/online\/wp-json\/wp\/v2\/users\/1"}],"replies":[{"embeddable":true,"href":"https:\/\/www.anzianienonsolo.it\/online\/wp-json\/wp\/v2\/comments?post=9872"}],"version-history":[{"count":2,"href":"https:\/\/www.anzianienonsolo.it\/online\/wp-json\/wp\/v2\/posts\/9872\/revisions"}],"predecessor-version":[{"id":9874,"href":"https:\/\/www.anzianienonsolo.it\/online\/wp-json\/wp\/v2\/posts\/9872\/revisions\/9874"}],"wp:featuredmedia":[{"embeddable":true,"href":"https:\/\/www.anzianienonsolo.it\/online\/wp-json\/wp\/v2\/media\/9396"}],"wp:attachment":[{"href":"https:\/\/www.anzianienonsolo.it\/online\/wp-json\/wp\/v2\/media?parent=9872"}],"wp:term":[{"taxonomy":"category","embeddable":true,"href":"https:\/\/www.anzianienonsolo.it\/online\/wp-json\/wp\/v2\/categories?post=9872"},{"taxonomy":"post_tag","embeddable":true,"href":"https:\/\/www.anzianienonsolo.it\/online\/wp-json\/wp\/v2\/tags?post=9872"}],"curies":[{"name":"wp","href":"https:\/\/api.w.org\/{rel}","templated":true}]}}