{"id":9774,"date":"2023-03-13T17:18:01","date_gmt":"2023-03-13T16:18:01","guid":{"rendered":"https:\/\/www.anzianienonsolo.it\/online\/?p=9774"},"modified":"2023-03-13T17:21:00","modified_gmt":"2023-03-13T16:21:00","slug":"gli-artigiani-over50-diventano-digitali-grazie-ai-fondi-europei","status":"publish","type":"post","link":"https:\/\/www.anzianienonsolo.it\/online\/gli-artigiani-over50-diventano-digitali-grazie-ai-fondi-europei\/","title":{"rendered":"GLI ARTIGIANI OVER50 DIVENTANO DIGITALI GRAZIE AI FONDI EUROPEI"},"content":{"rendered":"\n<p><em>Simona realizza splendidi acquerelli, Rossella propone abiti ispirati agli anni \u201950, Maria Cristina da quando \u00e8 in pensione si \u00e8 dedicata alla produzione di saponi naturali fatti a mano\u2026<\/em><\/p>\n\n\n\n<p><br>Questi sono solo alcuni degli artigiani over 50 che hanno partecipato al percorso proposto<br>dal progetto europeo Erasmus+ \u201cCraft50+\u201d, con l\u2019obiettivo di aumentare la loro visibilit\u00e0 e<br>presenza sui social media e sulle piattaforme di vendita online.<br><br>\u201cIl progetto Craft50+ nasce dal riconoscimento del grande valore dell\u2019artigianato come<br>attivit\u00e0 che preserva e rinnova il patrimonio culturale europeo e, al contempo, del fatto che<br>gli artigiani pi\u00f9 anziani rischiano, per mancanza di competenze, di non riuscire a<br>beneficiare appieno delle potenzialit\u00e0 offerte dalla rete per far conoscere i propri prodotti e<br>sviluppare la propria attivit\u00e0.\u201d dice Licia Boccaletti, presidente della cooperativa sociale<br>\u201cAnziani e non solo\u201d che ha coordinato il progetto. \u201cGrazie a Craft50+, 17 artigiani hanno<br>potuto partecipare ad un percorso di formazione condotto da un\u2019esperta di comunicazione<br>e sono stati inseriti in un data-base europei di artigiani di qualit\u00e0.\u201d<br>Il progetto ha avuto una dimensione internazionale ed \u00e8 stato replicato in sette diversi<br>Paesi Europei. A conclusione, gli artigiani rappresentanti dei diversi territori hanno potuto<br>incontrarsi a Bruxelles per conoscere da vicino le istituzioni europee e le tecniche<br>tradizionali proposte da ciascuna realt\u00e0.<\/p>\n\n\n\n<p class=\"has-luminous-vivid-amber-background-color has-background\"><br>I risultati del progetto Craft50+ saranno presentati, insieme ad altre esperienze analoghe<br>di diverse regioni italiane, il 23 marzo 2023 alle 14.30 in un seminario che si terr\u00e0 presso<br>Legacoop Estense, in via Fabriani 120 a Modena. La partecipazione \u00e8 gratuita mandando<br>una mail all\u2019indirizzo info@anzianienonsolo.it<\/p>\n\n\n\n<p><br>Maggiori informazioni sul progetto: <a href=\"https:\/\/madineurope.eu\/it\/craft50plus\/\" target=\"_blank\" rel=\"noreferrer noopener\">https:\/\/madineurope.eu\/it\/craft50plus\/<\/a><\/p>\n","protected":false},"excerpt":{"rendered":"<p>Simona realizza splendidi acquerelli, Rossella propone abiti ispirati agli anni \u201950, Maria Cristina da quando \u00e8 in pensione si \u00e8 dedicata alla produzione di saponi naturali fatti a mano\u2026 Questi sono solo alcuni degli artigiani over 50 che hanno partecipato al percorso propostodal progetto europeo Erasmus+ \u201cCraft50+\u201d, con l\u2019obiettivo di aumentare la loro visibilit\u00e0 epresenza<\/p>\n","protected":false},"author":1,"featured_media":9775,"comment_status":"closed","ping_status":"closed","sticky":false,"template":"","format":"standard","meta":{"footnotes":""},"categories":[121,178,476],"tags":[],"class_list":["post-9774","post","type-post","status-publish","format-standard","has-post-thumbnail","hentry","category-formazione","category-in-primo-piano","category-inclusione"],"_links":{"self":[{"href":"https:\/\/www.anzianienonsolo.it\/online\/wp-json\/wp\/v2\/posts\/9774"}],"collection":[{"href":"https:\/\/www.anzianienonsolo.it\/online\/wp-json\/wp\/v2\/posts"}],"about":[{"href":"https:\/\/www.anzianienonsolo.it\/online\/wp-json\/wp\/v2\/types\/post"}],"author":[{"embeddable":true,"href":"https:\/\/www.anzianienonsolo.it\/online\/wp-json\/wp\/v2\/users\/1"}],"replies":[{"embeddable":true,"href":"https:\/\/www.anzianienonsolo.it\/online\/wp-json\/wp\/v2\/comments?post=9774"}],"version-history":[{"count":3,"href":"https:\/\/www.anzianienonsolo.it\/online\/wp-json\/wp\/v2\/posts\/9774\/revisions"}],"predecessor-version":[{"id":9778,"href":"https:\/\/www.anzianienonsolo.it\/online\/wp-json\/wp\/v2\/posts\/9774\/revisions\/9778"}],"wp:featuredmedia":[{"embeddable":true,"href":"https:\/\/www.anzianienonsolo.it\/online\/wp-json\/wp\/v2\/media\/9775"}],"wp:attachment":[{"href":"https:\/\/www.anzianienonsolo.it\/online\/wp-json\/wp\/v2\/media?parent=9774"}],"wp:term":[{"taxonomy":"category","embeddable":true,"href":"https:\/\/www.anzianienonsolo.it\/online\/wp-json\/wp\/v2\/categories?post=9774"},{"taxonomy":"post_tag","embeddable":true,"href":"https:\/\/www.anzianienonsolo.it\/online\/wp-json\/wp\/v2\/tags?post=9774"}],"curies":[{"name":"wp","href":"https:\/\/api.w.org\/{rel}","templated":true}]}}