{"id":9682,"date":"2023-01-13T11:45:01","date_gmt":"2023-01-13T10:45:01","guid":{"rendered":"https:\/\/www.anzianienonsolo.it\/online\/?p=9682"},"modified":"2023-01-13T11:53:03","modified_gmt":"2023-01-13T10:53:03","slug":"faith-il-programma-di-mentoring-tra-pari-online-la-quarta-newsletter","status":"publish","type":"post","link":"https:\/\/www.anzianienonsolo.it\/online\/faith-il-programma-di-mentoring-tra-pari-online-la-quarta-newsletter\/","title":{"rendered":"Faith: il programma di mentoring tra pari. Online la quarta newsletter"},"content":{"rendered":"\n<p>Negli ultimi mesi, il partenariato di FAITh ha realizzato con successo una serie di eventi di formazione e sensibilizzazione nell&#8217;ambito del programma pilota di mentoring tra pari di FAITh in Italia, Portogallo, Grecia e Cipro. Durante questo periodo, gli adulti pi\u00f9 anziani sono stati coinvolti come facilitatori di apprendimento &#8211; o mentori &#8211; per altri adulti pi\u00f9 anziani &#8211; i mentee &#8211; che desideravano migliorare le loro competenze digitali.<\/p>\n\n\n\n<p>Workshop e seminari tematici per adulti over 55 per sostenere la loro inclusione digitale, eventi informativi per i loro familiari e seminari di formazione per professionisti su come rendere i loro prodotti e servizi online pi\u00f9 adatti agli anziani sono alcune delle attivit\u00e0 organizzate nei diversi paesi partner. Pi\u00f9 di 60 mentee, 15 mentori e 40 professionisti hanno partecipato alle attivit\u00e0 nei quattro Paesi.<\/p>\n\n\n\n<p>Visita la nuova sezione <a href=\"https:\/\/faith-project.eu\/news\/\">&#8220;Notizie&#8221;<\/a> del nostro sito web per saperne di pi\u00f9 sui nostri successi e sulle lezioni apprese durante le attivit\u00e0 pilota in <a href=\"https:\/\/faith-project.eu\/it\/news-it\/\">Italia<\/a>, <a href=\"https:\/\/faith-project.eu\/pt\/news-pt\/\">Portogallo<\/a>, <a href=\"https:\/\/faith-project.eu\/el\/news-el\/\">Grecia e Cipro<\/a>.<\/p>\n\n\n\n<figure class=\"wp-block-embed is-type-rich is-provider-handler-delloggetto-incorporato wp-block-embed-handler-delloggetto-incorporato wp-embed-aspect-16-9 wp-has-aspect-ratio\"><div class=\"wp-block-embed__wrapper\">\n<iframe title=\"Progetto Faith | Continuate cos\u00ec! \u00c8 divertente!\" width=\"1120\" height=\"630\" src=\"https:\/\/www.youtube.com\/embed\/KyhtzxH_QFM?feature=oembed\" frameborder=\"0\" allow=\"accelerometer; autoplay; clipboard-write; encrypted-media; gyroscope; picture-in-picture; web-share\" allowfullscreen><\/iframe>\n<\/div><\/figure>\n\n\n\n<h1 class=\"wp-block-heading\">Faith a Bruxelles<\/h1>\n\n\n\n<p>Il 6 e 7 dicembre, il partenariato FAITh si \u00e8 riunito nuovamente a Bruxelles per la riunione e la conferenza finale del progetto. Il team del progetto ha avuto l&#8217;opportunit\u00e0 di discutere in dettaglio le attivit\u00e0 realizzate finora e di pianificare le fasi finali del progetto, dato che FAITh raggiunger\u00e0 la sua conclusione a gennaio. Tra i temi discussi dai partner anche la Conferenza finale che si \u00e8 tenuta il giorno successivo a Bruxelles.<\/p>\n\n\n\n<p>Durante l&#8217;evento, i partecipanti di Bruxelles e di tutta Europa hanno avuto l&#8217;opportunit\u00e0 di ascoltare discorsi molto interessanti sull&#8217;invecchiamento, l&#8217;alfabetizzazione digitale e il diritto degli anziani all&#8217;educazione alle nuove tecnologie. L&#8217;evento ha incluso anche una panoramica nelle guide FAITh, dei materiali didattici e della piattaforma di e-learning.<\/p>\n\n\n\n<p>Tra i punti salienti dell&#8217;evento c&#8217;\u00e8 stata la possibilit\u00e0 di ascoltare alcuni dei mentori del progetto parlare delle loro esperienze, di ci\u00f2 che hanno imparato personalmente e rispondere alle domande dei partecipanti. L&#8217;evento si \u00e8 concluso con una discussione approfondita sui prossimi passi da compiere al di l\u00e0 di FAITh e sulla strada da seguire dopo la conclusione del progetto a gennaio.<\/p>\n\n\n\n<p><a href=\"https:\/\/www.anzianienonsolo.it\/online\/download\/9684\/\">Scarica la newsletter completa<\/a><\/p>\n","protected":false},"excerpt":{"rendered":"<p>Negli ultimi mesi, il partenariato di FAITh ha realizzato con successo una serie di eventi di formazione e sensibilizzazione nell&#8217;ambito del programma pilota di mentoring tra pari di FAITh in Italia, Portogallo, Grecia e Cipro. Durante questo periodo, gli adulti pi\u00f9 anziani sono stati coinvolti come facilitatori di apprendimento &#8211; o mentori &#8211; per altri<\/p>\n","protected":false},"author":1,"featured_media":8936,"comment_status":"closed","ping_status":"closed","sticky":false,"template":"","format":"standard","meta":{"footnotes":""},"categories":[121,178,495,496],"tags":[],"class_list":["post-9682","post","type-post","status-publish","format-standard","has-post-thumbnail","hentry","category-formazione","category-in-primo-piano","category-invecchiamento-attivo","category-mentoring"],"_links":{"self":[{"href":"https:\/\/www.anzianienonsolo.it\/online\/wp-json\/wp\/v2\/posts\/9682"}],"collection":[{"href":"https:\/\/www.anzianienonsolo.it\/online\/wp-json\/wp\/v2\/posts"}],"about":[{"href":"https:\/\/www.anzianienonsolo.it\/online\/wp-json\/wp\/v2\/types\/post"}],"author":[{"embeddable":true,"href":"https:\/\/www.anzianienonsolo.it\/online\/wp-json\/wp\/v2\/users\/1"}],"replies":[{"embeddable":true,"href":"https:\/\/www.anzianienonsolo.it\/online\/wp-json\/wp\/v2\/comments?post=9682"}],"version-history":[{"count":3,"href":"https:\/\/www.anzianienonsolo.it\/online\/wp-json\/wp\/v2\/posts\/9682\/revisions"}],"predecessor-version":[{"id":9689,"href":"https:\/\/www.anzianienonsolo.it\/online\/wp-json\/wp\/v2\/posts\/9682\/revisions\/9689"}],"wp:featuredmedia":[{"embeddable":true,"href":"https:\/\/www.anzianienonsolo.it\/online\/wp-json\/wp\/v2\/media\/8936"}],"wp:attachment":[{"href":"https:\/\/www.anzianienonsolo.it\/online\/wp-json\/wp\/v2\/media?parent=9682"}],"wp:term":[{"taxonomy":"category","embeddable":true,"href":"https:\/\/www.anzianienonsolo.it\/online\/wp-json\/wp\/v2\/categories?post=9682"},{"taxonomy":"post_tag","embeddable":true,"href":"https:\/\/www.anzianienonsolo.it\/online\/wp-json\/wp\/v2\/tags?post=9682"}],"curies":[{"name":"wp","href":"https:\/\/api.w.org\/{rel}","templated":true}]}}