{"id":9652,"date":"2023-01-10T17:45:56","date_gmt":"2023-01-10T16:45:56","guid":{"rendered":"https:\/\/www.anzianienonsolo.it\/online\/?p=9652"},"modified":"2023-01-10T17:47:13","modified_gmt":"2023-01-10T16:47:13","slug":"di-s-c-o-p-m-b-un-progetto-europeo-a-sostegno-di-una-cura-sensibile-alle-diversita-degli-anziani-migranti-e-delle-loro-famiglie","status":"publish","type":"post","link":"https:\/\/www.anzianienonsolo.it\/online\/di-s-c-o-p-m-b-un-progetto-europeo-a-sostegno-di-una-cura-sensibile-alle-diversita-degli-anziani-migranti-e-delle-loro-famiglie\/","title":{"rendered":"DI.S.C.O.P.M.B.: per una CURA SENSIBILE ALLE DIVERSIT\u00c0 DEGLI ANZIANI MIGRANTI E DELLE LORO FAMIGLIE\u00a0"},"content":{"rendered":"\n<p>Nella societ\u00e0 multiculturale odierna, fornire servizi di assistenza efficaci, efficienti, di alta qualit\u00e0 e accessibili, incentrati sulla persona e sensibili alla diversit\u00e0 \u00e8 <strong>l&#8217;obiettivo cardine <\/strong>del sistema di assistenza sociale e sanitaria. In particolare, uno degli elementi indispensabili del sistema di assistenza \u00e8 considerare tutti gli utenti &#8211; soprattutto quelli pi\u00f9 vulnerabili, come gli anziani con un background migratorio e le loro famiglie &#8211; come persone, rispettando le loro prospettive e origini socioculturali. Nonostante la crescente diversit\u00e0 etno-culturale della nostra societ\u00e0 possa essere considerata una risorsa, essa pu\u00f2 anche diventare motivo di discriminazione e di disuguaglianza. Ci\u00f2 si verifica al momento dell&#8217;accesso e dell&#8217;utilizzo dei servizi sociali e sanitari ed \u00e8 talvolta causato da barriere linguistiche e culturali. Come hanno evidenziato diversi progetti di ricerca, tra cui quello condotto in Svezia1, in diversi Paesi dell&#8217;UE si \u00e8 rilevata la <strong>necessit\u00e0 di rafforzare le competenze del personale socio-sanitario<\/strong>, attualmente considerate insufficienti per assistere adeguatamente gli anziani con un background migratorio e le loro famiglie.&nbsp;<\/p>\n\n\n\n<p>&nbsp;Su questi presupposti, il <strong>progetto <\/strong>Erasmus Plus <strong>DI.S.C.O.P.M.B. <\/strong>si propone di sviluppare, nell&#8217;arco dei suoi 36 mesi di vita, una serie di risorse mirate a rendere gli operatori socio-sanitari attuali e futuri pi\u00f9 consapevoli e competenti nel fornire pratiche di cura inclusive, in particolare quelle che aspirano a coinvolgere gli anziani con un background migratorio e i loro caregiver informali.&nbsp;<\/p>\n\n\n\n<p>Pertanto, l&#8217;implementazione di servizi sociali e sanitari nel quadro dell&#8217;interculturalit\u00e0 odierna \u00e8 indispensabile per qualsiasi politica sociale e sanitaria che aspiri a <strong>fornire un&#8217;assistenza personalizzata, inclusiva e di qualit\u00e0, sensibile alla diversit\u00e0 <\/strong>degli utenti e dei loro assistenti informali.&nbsp;<\/p>\n\n\n\n<p><strong>Per saperne di pi\u00f9, scarica il comunicato stampa del progetto:<br><a href=\"https:\/\/www.diversitysensitycare.eu\/download\/196\/?tmstv=1672827358\">https:\/\/www.diversitysensitycare.eu\/download\/196\/?tmstv=1672827358<\/a><\/strong><\/p>\n","protected":false},"excerpt":{"rendered":"<p>Nella societ\u00e0 multiculturale odierna, fornire servizi di assistenza efficaci, efficienti, di alta qualit\u00e0 e accessibili, incentrati sulla persona e sensibili alla diversit\u00e0 \u00e8 l&#8217;obiettivo cardine del sistema di assistenza sociale e sanitaria. In particolare, uno degli elementi indispensabili del sistema di assistenza \u00e8 considerare tutti gli utenti &#8211; soprattutto quelli pi\u00f9 vulnerabili, come gli anziani<\/p>\n","protected":false},"author":1,"featured_media":9653,"comment_status":"closed","ping_status":"closed","sticky":false,"template":"","format":"standard","meta":{"footnotes":""},"categories":[121,178,118],"tags":[],"class_list":["post-9652","post","type-post","status-publish","format-standard","has-post-thumbnail","hentry","category-formazione","category-in-primo-piano","category-societa-dellinvecchiamento"],"_links":{"self":[{"href":"https:\/\/www.anzianienonsolo.it\/online\/wp-json\/wp\/v2\/posts\/9652"}],"collection":[{"href":"https:\/\/www.anzianienonsolo.it\/online\/wp-json\/wp\/v2\/posts"}],"about":[{"href":"https:\/\/www.anzianienonsolo.it\/online\/wp-json\/wp\/v2\/types\/post"}],"author":[{"embeddable":true,"href":"https:\/\/www.anzianienonsolo.it\/online\/wp-json\/wp\/v2\/users\/1"}],"replies":[{"embeddable":true,"href":"https:\/\/www.anzianienonsolo.it\/online\/wp-json\/wp\/v2\/comments?post=9652"}],"version-history":[{"count":2,"href":"https:\/\/www.anzianienonsolo.it\/online\/wp-json\/wp\/v2\/posts\/9652\/revisions"}],"predecessor-version":[{"id":9655,"href":"https:\/\/www.anzianienonsolo.it\/online\/wp-json\/wp\/v2\/posts\/9652\/revisions\/9655"}],"wp:featuredmedia":[{"embeddable":true,"href":"https:\/\/www.anzianienonsolo.it\/online\/wp-json\/wp\/v2\/media\/9653"}],"wp:attachment":[{"href":"https:\/\/www.anzianienonsolo.it\/online\/wp-json\/wp\/v2\/media?parent=9652"}],"wp:term":[{"taxonomy":"category","embeddable":true,"href":"https:\/\/www.anzianienonsolo.it\/online\/wp-json\/wp\/v2\/categories?post=9652"},{"taxonomy":"post_tag","embeddable":true,"href":"https:\/\/www.anzianienonsolo.it\/online\/wp-json\/wp\/v2\/tags?post=9652"}],"curies":[{"name":"wp","href":"https:\/\/api.w.org\/{rel}","templated":true}]}}