{"id":9617,"date":"2022-11-24T11:43:46","date_gmt":"2022-11-24T10:43:46","guid":{"rendered":"https:\/\/www.anzianienonsolo.it\/online\/?p=9617"},"modified":"2022-11-24T11:43:59","modified_gmt":"2022-11-24T10:43:59","slug":"seniorplus-online-la-seconda-newsletter-di-progetto","status":"publish","type":"post","link":"https:\/\/www.anzianienonsolo.it\/online\/seniorplus-online-la-seconda-newsletter-di-progetto\/","title":{"rendered":"Seniorplus: online la seconda newsletter di progetto"},"content":{"rendered":"\n<p><strong>Cosa accade\u00a0<\/strong><\/p>\n\n\n\n<p>I partner stanno lavorando all\u2019elaborazione di un kit di <em>strumenti metodologici per coinvolgere professionisti del mondo imprenditoriale e del terzo settore in un programma di promozione dell\u2019imprenditorialit\u00e0, rivolto a persone con pi\u00f9 di 55 anni.&nbsp;<\/em><\/p>\n\n\n\n<p>Nel dettaglio \u00e8 stata predisposta un&#8217;indagine al fine di individuare le migliori strategie per promuovere la partecipazione delle imprese ai programmi di incubazione.&nbsp;<\/p>\n\n\n\n<p>Sono stati somministrati 40 questionari a professionisti, ONG, aziende in 5 paesi (Spagna, Francia, Lituania, Grecia, Italia) e i dati raccolti sono stati analizzati dai partner.&nbsp;<\/p>\n\n\n\n<p><strong>In Corso&nbsp;<\/strong><\/p>\n\n\n\n<p>I partners stanno facendo una revisione della letteratura scientifica sul tema dei bisogni formativi di persone con pi\u00f9 di 55 anni intenzionate a intraprendere un percorso imprenditoriale. I risultati della revisione saranno validati attraverso l\u2019analisi qualitativa e quantitativa dei risultati emersi durante diversi focus group. I partners stanno conducendo focus group con professionisti e senior, al fine di definire questi fabbisogni formativi.&nbsp;<\/p>\n\n\n\n<p><strong>Prossimi Step<\/strong><\/p>\n\n\n\n<p>Sulla base di quanto appreso nelle attivit\u00e0 precedenti e in accordo con i fabbisogni degli <em>incubatori:&nbsp;<\/em><\/p>\n\n\n\n<p>&#8211; IDEC, con il supporto di ACV, definir\u00e0 il piano di volontariato&nbsp;<\/p>\n\n\n\n<p>&#8211; Tutti i partners svilupperanno una proposta di curriculum formativo e di contenuti, indirizzati a potenziali imprenditori con pi\u00f9 di 55 anni a rischio di esclusione.&nbsp;<\/p>\n\n\n\n<p><strong>Secondo meeting di progetto&nbsp;<\/strong><\/p>\n\n\n\n<p>I partners del progetto SENIOR+ si sono incontrati online ad Ottobre 2022 per discutere delle attivit\u00e0 progettuali in corso e definire alcuni aspetti del 2\u2019 meeting in presenza che si terr\u00e0 a Dicembre in Lituania.&nbsp;<\/p>\n\n\n\n<p><strong><a href=\"https:\/\/seniorplusproject.eu\/download\/300\/\">Scarica la newsletter in formato .pdf<\/a><\/strong><\/p>\n","protected":false},"excerpt":{"rendered":"<p>Cosa accade\u00a0 I partner stanno lavorando all\u2019elaborazione di un kit di strumenti metodologici per coinvolgere professionisti del mondo imprenditoriale e del terzo settore in un programma di promozione dell\u2019imprenditorialit\u00e0, rivolto a persone con pi\u00f9 di 55 anni.&nbsp; Nel dettaglio \u00e8 stata predisposta un&#8217;indagine al fine di individuare le migliori strategie per promuovere la partecipazione delle<\/p>\n","protected":false},"author":1,"featured_media":0,"comment_status":"closed","ping_status":"closed","sticky":false,"template":"","format":"standard","meta":{"footnotes":""},"categories":[491,121],"tags":[],"class_list":["post-9617","post","type-post","status-publish","format-standard","hentry","category-cittadinanza-attiva","category-formazione"],"_links":{"self":[{"href":"https:\/\/www.anzianienonsolo.it\/online\/wp-json\/wp\/v2\/posts\/9617"}],"collection":[{"href":"https:\/\/www.anzianienonsolo.it\/online\/wp-json\/wp\/v2\/posts"}],"about":[{"href":"https:\/\/www.anzianienonsolo.it\/online\/wp-json\/wp\/v2\/types\/post"}],"author":[{"embeddable":true,"href":"https:\/\/www.anzianienonsolo.it\/online\/wp-json\/wp\/v2\/users\/1"}],"replies":[{"embeddable":true,"href":"https:\/\/www.anzianienonsolo.it\/online\/wp-json\/wp\/v2\/comments?post=9617"}],"version-history":[{"count":1,"href":"https:\/\/www.anzianienonsolo.it\/online\/wp-json\/wp\/v2\/posts\/9617\/revisions"}],"predecessor-version":[{"id":9618,"href":"https:\/\/www.anzianienonsolo.it\/online\/wp-json\/wp\/v2\/posts\/9617\/revisions\/9618"}],"wp:attachment":[{"href":"https:\/\/www.anzianienonsolo.it\/online\/wp-json\/wp\/v2\/media?parent=9617"}],"wp:term":[{"taxonomy":"category","embeddable":true,"href":"https:\/\/www.anzianienonsolo.it\/online\/wp-json\/wp\/v2\/categories?post=9617"},{"taxonomy":"post_tag","embeddable":true,"href":"https:\/\/www.anzianienonsolo.it\/online\/wp-json\/wp\/v2\/tags?post=9617"}],"curies":[{"name":"wp","href":"https:\/\/api.w.org\/{rel}","templated":true}]}}