{"id":9605,"date":"2022-11-23T15:21:09","date_gmt":"2022-11-23T14:21:09","guid":{"rendered":"https:\/\/www.anzianienonsolo.it\/online\/?p=9605"},"modified":"2022-11-23T15:21:50","modified_gmt":"2022-11-23T14:21:50","slug":"pia-online-la-prima-newsletter-del-progetto-che-promuove-nuovi-percorsi-per-lassistenza-nelle-demenze","status":"publish","type":"post","link":"https:\/\/www.anzianienonsolo.it\/online\/pia-online-la-prima-newsletter-del-progetto-che-promuove-nuovi-percorsi-per-lassistenza-nelle-demenze\/","title":{"rendered":"PIA: online la prima newsletter del progetto che promuove nuovi percorsi per l&#8217;assistenza nelle demenze"},"content":{"rendered":"\n<p><strong>ESPERTI PER ESPERIENZA A FAVORE DELLA TUTELA E DEL SUPPORTO NELL\u2019AMBITO DELLA DEMENZA<\/strong><\/p>\n\n\n\n<p><strong><em>Il progetto<\/em><\/strong><\/p>\n\n\n\n<p>Nell&#8217;ambito del programma Erasmus+, \u00e8 stato recentemente avviato il progetto PIA, che mira a promuovere la figura dell\u2019Esperto per esperienza con il ruolo di supporto per i familiari e i caregiver delle persone affette da demenza, con un impatto positivo anche sui destinatari delle cure e sulle politiche. Di recente, gli esperti per esperienza sono stati coinvolti negli ambiti sanitari e assistenziali come risorsa per promuovere e adattare al meglio i servizi alle esigenze degli utenti.&nbsp;<\/p>\n\n\n\n<p>Tuttavia, questa figura innovativa e particolarmente utile \u00e8 ancora inutilizzata in Italia nel campo dell&#8217;assistenza alle demenze.<\/p>\n\n\n\n<p>Attraverso il progetto si mira infatti a creare:<\/p>\n\n\n\n<ul class=\"wp-block-list\"><li>materiali e nuove metodologie per offrire un corso di formazione dedicato agli esperti per esperienza;<\/li><li>una piattaforma digitale di comunicazione e collaborazione, per incentivare la condivisione di esperienze e conoscenze specifiche per l&#8217;assistenza alla demenza a livello di comunit\u00e0;<\/li><li>strategie per un maggiore coinvolgimento degli esperti per esperienza nella progettazione dell&#8217;assistenza alla demenza.<\/li><\/ul>\n\n\n\n<p><strong><em>Il consorzio<\/em><\/strong><\/p>\n\n\n\n<p>Questi risultati saranno raggiunti durante i 2 anni di vita del progetto, che vedr\u00e0 i partner impegnati e collaborare per raggiungere i risultati attesi.<\/p>\n\n\n\n<p>Il consorzio del progetto PIA \u00e8 composto da:<\/p>\n\n\n\n<ul class=\"wp-block-list\"><li>KBT Scuola professionale (Norvegia) &#8211; Coordinatori del progetto e attivi sul campo della formazione professionale per migliorare i servizi sanitari attraverso l&#8217;utilizzo dell&#8217;esperienza vissuta dagli utenti dei servizi;<\/li><li>Alzheimer Hellas (Grecia) &#8211; Associazione del morbo di Alzheimer e i disturbi correlati che fornisce un&#8217;ampia gamma di servizi alle persone affette da demenza e alle loro famiglie;<\/li><li>Habilitas (Romania) &#8211; Organizzazione impegnata nello sviluppo di programmi di formazione per operatori di assistenza domiciliare agli anziani e lavora a progetti incentrati sul coinvolgimento degli anziani nella comunit\u00e0;<\/li><li>Anziani e Non Solo (Italia) \u2013 Cooperativa sociale che opera nel campo dell&#8217;innovazione sociale, con un focus specifico sulla gestione di progetti e sulla realizzazione di servizi e prodotti nel campo del welfare e dell&#8217;inclusione sociale;<\/li><li>Asociatia Afect (Romania) &#8211; Associazione attiva nel sostenere e stimolare l&#8217;integrazione sociale degli anziani.<\/li><\/ul>\n\n\n\n<p><strong><em>Prima riunione dei partner in Norvegia<\/em><\/strong><\/p>\n\n\n\n<p>A maggio 2022 il partenariato si \u00e8 incontrato a Trondheim, in Norvegia, ospitato dai coordinatori del progetto. L&#8217;incontro \u00e8 stata un\u2019occasione per i partner per discutere le prime fasi del progetto, pianificando le varie responsabilit\u00e0 e i compiti per la creazione del corso di formazione per esperti per esperienza nel campo della demenza e per lo sviluppo e la sperimentazione della piattaforma a loro dedicata. I giorni in Norvegia sono stati particolarmente fruttuosi perch\u00e9, oltre al lavoro sulle attivit\u00e0 del progetto, hanno offerto l&#8217;opportunit\u00e0 allo staff del progetto PIA di conoscere un esperto per esperienza norvegese e un metodo efficace utilizzato in Norvegia per promuovere il benessere delle persone affette da demenza. Il partenariato ha lavorato in modo sinergico per due giorni, approfondendo la conoscenza del progetto e dei suoi obiettivi e costruendo relazioni con gli altri membri del consorzio.<\/p>\n\n\n\n<p><strong><em>I prossimi passi<\/em><\/strong><\/p>\n\n\n\n<p>A partire da settembre 2022, i partner completeranno il programma di formazione per gli esperti per esperienza, dopo aver analizzato attentamente e risposto alle esigenze dei rispettivi contesti nazionali. In ogni Paese del progetto, il programma di formazione PIA sar\u00e0 testato e convalidato in autunno con i partecipanti\u00a0<s>chiave<\/s>\u00a0attraverso i corsi pilota. I risultati della fase pilota saranno la base per la finalizzazione del corso, che sar\u00e0 migliorato e reso disponibile per essere replicato.<\/p>\n\n\n\n<p><strong>Scarica la newsletter in formato .pdf<br><a rel=\"noreferrer noopener\" href=\"https:\/\/piaproject.eu\/download\/2684\/\" target=\"_blank\">https:\/\/piaproject.eu\/download\/2684\/<\/a><\/strong><\/p>\n\n\n\n<p>Per saperne di pi\u00f9 e rimanere aggiornati sul progetto, visita il sito web&nbsp;<a href=\"https:\/\/piaproject.eu\/\">https:\/\/piaproject.eu\/<\/a><\/p>\n","protected":false},"excerpt":{"rendered":"<p>ESPERTI PER ESPERIENZA A FAVORE DELLA TUTELA E DEL SUPPORTO NELL\u2019AMBITO DELLA DEMENZA Il progetto Nell&#8217;ambito del programma Erasmus+, \u00e8 stato recentemente avviato il progetto PIA, che mira a promuovere la figura dell\u2019Esperto per esperienza con il ruolo di supporto per i familiari e i caregiver delle persone affette da demenza, con un impatto positivo<\/p>\n","protected":false},"author":1,"featured_media":9606,"comment_status":"closed","ping_status":"closed","sticky":false,"template":"","format":"standard","meta":{"footnotes":""},"categories":[475,178,118],"tags":[],"class_list":["post-9605","post","type-post","status-publish","format-standard","has-post-thumbnail","hentry","category-demenza-alzheimer","category-in-primo-piano","category-societa-dellinvecchiamento"],"_links":{"self":[{"href":"https:\/\/www.anzianienonsolo.it\/online\/wp-json\/wp\/v2\/posts\/9605"}],"collection":[{"href":"https:\/\/www.anzianienonsolo.it\/online\/wp-json\/wp\/v2\/posts"}],"about":[{"href":"https:\/\/www.anzianienonsolo.it\/online\/wp-json\/wp\/v2\/types\/post"}],"author":[{"embeddable":true,"href":"https:\/\/www.anzianienonsolo.it\/online\/wp-json\/wp\/v2\/users\/1"}],"replies":[{"embeddable":true,"href":"https:\/\/www.anzianienonsolo.it\/online\/wp-json\/wp\/v2\/comments?post=9605"}],"version-history":[{"count":1,"href":"https:\/\/www.anzianienonsolo.it\/online\/wp-json\/wp\/v2\/posts\/9605\/revisions"}],"predecessor-version":[{"id":9607,"href":"https:\/\/www.anzianienonsolo.it\/online\/wp-json\/wp\/v2\/posts\/9605\/revisions\/9607"}],"wp:featuredmedia":[{"embeddable":true,"href":"https:\/\/www.anzianienonsolo.it\/online\/wp-json\/wp\/v2\/media\/9606"}],"wp:attachment":[{"href":"https:\/\/www.anzianienonsolo.it\/online\/wp-json\/wp\/v2\/media?parent=9605"}],"wp:term":[{"taxonomy":"category","embeddable":true,"href":"https:\/\/www.anzianienonsolo.it\/online\/wp-json\/wp\/v2\/categories?post=9605"},{"taxonomy":"post_tag","embeddable":true,"href":"https:\/\/www.anzianienonsolo.it\/online\/wp-json\/wp\/v2\/tags?post=9605"}],"curies":[{"name":"wp","href":"https:\/\/api.w.org\/{rel}","templated":true}]}}