{"id":9446,"date":"2022-07-08T15:31:38","date_gmt":"2022-07-08T13:31:38","guid":{"rendered":"https:\/\/www.anzianienonsolo.it\/online\/?p=9446"},"modified":"2022-07-08T15:51:10","modified_gmt":"2022-07-08T13:51:10","slug":"cosa-ha-imparato-il-settore-dellassistenza-dalla-pandemia","status":"publish","type":"post","link":"https:\/\/www.anzianienonsolo.it\/online\/cosa-ha-imparato-il-settore-dellassistenza-dalla-pandemia\/","title":{"rendered":"COSA HA IMPARATO IL SETTORE DELL\u2019ASSISTENZA DALLA PANDEMIA?"},"content":{"rendered":"\n<p><strong>DOCUP<\/strong> \u00e8 un progetto Erasmus Plus della durata di 28 mesi che mira a dotare gli operatori dell&#8217;assistenza familiare di una serie di competenze sociali, trasversali e attitudinali per garantire percorsi occupazionali resilienti in grado di rispondere a sfide come quella emersa con la pandemia COVID-19.<\/p>\n\n\n\n<p>Coordinato dalla Folkuniversitetet di Uppsala (Svezia), il Consorzio <strong>DOCUP<\/strong> \u00e8 composto da 5 istituzioni e organizzazioni con sede in Italia (Anziani e non solo), Grecia (Promea), Spagna (Infodef) e Polonia (Universit\u00e0 delle Scienze Umanistiche ed Economiche di Lodz) attive nell&#8217;istruzione e formazione e nel supporto all&#8217;innovazione nei servizi di cura.<\/p>\n\n\n\n<p>Il partenariato del progetto <strong>DOCUP<\/strong> ha completato una ricerca approfondita volta a individuare l&#8217;impatto del COVID-19 sulle competenze degli assistenti familiari e a fornire suggerimenti su come aggiornare i programmi di formazione per rispondere alle nuove sfide sollevate dalla pandemia.<\/p>\n\n\n\n<p>Secondo i risultati della ricerca, \u00e8 emerso che molti paesi riconoscono la necessit\u00e0 di supporto alla salute mentale degli operatori assistenziali e sanitari. Questa \u00e8 stata messa a dura prova dall\u2019emergenza pandemica e dalle relative restrizioni: per tale motivo, diverse fonti suggeriscono l\u2019implementazione di programmi psico-educativi volti a gestire lo stress e l&#8217;ansia e a prevenire il burn-out degli operatori. D&#8217;altra parte, \u00e8 stato evidenziato come la pandemia abbia peggiorato i sintomi dei beneficiari delle cure, in termini di depressione, isolamento e comportamenti disfunzionali e come, pertanto, gli operatori dovrebbero essere formati a gestire in modo efficace queste nuove sfide.<\/p>\n\n\n\n<p>La pandemia ha anche chiarito quanto il settore dell&#8217;assistenza debba integrare l&#8217;uso delle tecnologie dell&#8217;informazione e della comunicazione (ICT) per fornire assistenza remota quando necessario: in questo senso, \u00e8 necessario che gli operatori assistenziali sviluppino maggiori competenze tecnologiche.<\/p>\n\n\n\n<p>Infine, si sottolinea come le conoscenze relative alla prevenzione delle infezioni e all&#8217;uso corretto dei DPI siano diventate pi\u00f9 importanti che mai e che occorra prestare particolare attenzione a questo argomento nella pianificazione della formazione dei professionisti dell&#8217;assistenza.<\/p>\n\n\n\n<p>Pi\u00f9 in generale, la ricerca evidenzia una carenza di personale qualificato nel settore dell&#8217;assistenza e le sfide specifiche connesse con il background prevalentemente migrante dei lavoratori, fattore che rende necessario considerare le eventuali barriere culturali e linguistiche nella progettazione e nell&#8217;attuazione di un programma di formazione.<\/p>\n\n\n\n<p>Per avere maggiori informazioni sul progetto visita il sito: <a href=\"https:\/\/docuproject.eu\/\">https:\/\/docuproject.eu\/<\/a><\/p>\n\n\n\n<p>Per scaricare il report completo clicca qui: <a href=\"https:\/\/docuproject.eu\/download\/293\/\">https:\/\/docuproject.eu\/download\/293\/<\/a><\/p>\n\n\n\n<h2 class=\"wp-block-heading\"><strong>Guarda il video che riassume i principali risultati del report<\/strong><\/h2>\n\n\n\n<p>(il video \u00e8 in inglese)<\/p>\n\n\n\n<figure class=\"wp-block-video\"><video controls src=\"https:\/\/docuproject.eu\/wp-content\/uploads\/2022\/06\/DOCUP_PR1_3.mp4\"><\/video><\/figure>\n\n\n\n<h3 class=\"wp-block-heading\">Note per gli editori:<\/h3>\n\n\n\n<p>DOCUP \u00e8 un progetto finanziato dal programma Erasmus Plus della Commissione Europea nell&#8217;ambito dell&#8217;Azione Chiave 2 &#8220;Partenariati di cooperazione per l&#8217;educazione degli adulti&#8221; ai sensi dell&#8217;accordo n. 2021-1-SE01-KA220-ADU-000028268.<\/p>\n\n\n\n<p><a href=\"https:\/\/docuproject.eu\/download\/332\/\"><strong>Scarica questo press release in formato .pdf<\/strong><\/a><\/p>\n\n\n\n<p><\/p>\n","protected":false},"excerpt":{"rendered":"<p>DOCUP \u00e8 un progetto Erasmus Plus della durata di 28 mesi che mira a dotare gli operatori dell&#8217;assistenza familiare di una serie di competenze sociali, trasversali e attitudinali per garantire percorsi occupazionali resilienti in grado di rispondere a sfide come quella emersa con la pandemia COVID-19. Coordinato dalla Folkuniversitetet di Uppsala (Svezia), il Consorzio DOCUP<\/p>\n","protected":false},"author":1,"featured_media":9447,"comment_status":"closed","ping_status":"closed","sticky":false,"template":"","format":"standard","meta":{"footnotes":""},"categories":[114,178],"tags":[],"class_list":["post-9446","post","type-post","status-publish","format-standard","has-post-thumbnail","hentry","category-assistenti-familiari","category-in-primo-piano"],"_links":{"self":[{"href":"https:\/\/www.anzianienonsolo.it\/online\/wp-json\/wp\/v2\/posts\/9446"}],"collection":[{"href":"https:\/\/www.anzianienonsolo.it\/online\/wp-json\/wp\/v2\/posts"}],"about":[{"href":"https:\/\/www.anzianienonsolo.it\/online\/wp-json\/wp\/v2\/types\/post"}],"author":[{"embeddable":true,"href":"https:\/\/www.anzianienonsolo.it\/online\/wp-json\/wp\/v2\/users\/1"}],"replies":[{"embeddable":true,"href":"https:\/\/www.anzianienonsolo.it\/online\/wp-json\/wp\/v2\/comments?post=9446"}],"version-history":[{"count":3,"href":"https:\/\/www.anzianienonsolo.it\/online\/wp-json\/wp\/v2\/posts\/9446\/revisions"}],"predecessor-version":[{"id":9451,"href":"https:\/\/www.anzianienonsolo.it\/online\/wp-json\/wp\/v2\/posts\/9446\/revisions\/9451"}],"wp:featuredmedia":[{"embeddable":true,"href":"https:\/\/www.anzianienonsolo.it\/online\/wp-json\/wp\/v2\/media\/9447"}],"wp:attachment":[{"href":"https:\/\/www.anzianienonsolo.it\/online\/wp-json\/wp\/v2\/media?parent=9446"}],"wp:term":[{"taxonomy":"category","embeddable":true,"href":"https:\/\/www.anzianienonsolo.it\/online\/wp-json\/wp\/v2\/categories?post=9446"},{"taxonomy":"post_tag","embeddable":true,"href":"https:\/\/www.anzianienonsolo.it\/online\/wp-json\/wp\/v2\/tags?post=9446"}],"curies":[{"name":"wp","href":"https:\/\/api.w.org\/{rel}","templated":true}]}}