{"id":937,"date":"2014-07-21T11:43:46","date_gmt":"2014-07-21T09:43:46","guid":{"rendered":"http:\/\/www.anzianienonsolo.it\/?p=937"},"modified":"2014-07-21T11:43:46","modified_gmt":"2014-07-21T09:43:46","slug":"avvio-del-progetto-e-l-m-i-2","status":"publish","type":"post","link":"https:\/\/www.anzianienonsolo.it\/online\/avvio-del-progetto-e-l-m-i-2\/","title":{"rendered":"Avvio del Progetto E.L.M.I."},"content":{"rendered":"<p>Attualmente, il progressivo invecchiamento della popolazione \u00e8 un problema che devono affrontare tutti gli stati europei. Anche la sfida per i sistemi sociali e sanitari avr\u00e0 un forte impatto e il lavoro dei caregiver informali come principali fornitori di cura rester\u00e0 un aspetto cruciale o diventer\u00e0 ancora pi\u00f9 importante. Sfortunatamente la crisi finanziaria ha portato ad una carenza di caregiver familiari a livello locale tanto che anche la Commissione Europea, nel suo Report sull\u2019Invecchiamento, raccomanda di fare pressione sulle famiglie perch\u00e9 siano loro a prendersi cura degli anziani piuttosto che ricorrere a servizi esterni cos\u00ec che la cura informale pu\u00f2 diventare una preziosa risorsa sul mercato del lavoro. Romania, Polonia e Repubblica Ceca sono tre paesi europei in cui l\u2019assistenza agli anziani ricade principalmente sulla famiglia.<br \/>\n<strong><br \/>\nPer questo il progetto ELMI si pone i due seguenti obiettivi:<\/strong><br \/>\n\u2022 Il trasferimento, dall\u2019Italia alla Romania, di un corso formativo in e-learning per i caregiver informali<br \/>\n\u2022 L\u2019analisi del suo potenziale trasferimento a Polonia e Repubblica Ceca Inoltre, per sostenere la mobilit\u00e0 di lavoratori qualificati da Romania a Italia, la formazione del personale romeno avvenuta all\u2019interno del progetto ELMI sar\u00e0 riconosciuta in Italia nell\u2019ambito di un Protocollo d\u2019Intesa ECVET.<br \/>\nIl prodotto principale del progetto ELMI sar\u00e0 un corso online rivolto in modo specifico ai caregiver familiari di anziani con l\u2019obiettivo sia di fornire abilit\u00e0 e competenze utili per fornire un\u2019assistenza migliore sia per ridurre il rischio di stress e burnout. Questo corso \u00e8 stato sviluppato in Italia nel 2011 ed \u00e8 gi\u00e0 stato utilizzato da quasi 400 caregiver! Per ulteriori informazioni consultare il sito internet: <a href=\"http:\/\/http:\/\/corso.caregiverfamiliare.it\"><strong>http:\/\/corso.caregiverfamiliare.it<\/strong><\/a><br \/>\nI 7 partner del progetto provengono da 5 paesi: Romania (Asociatia Habilitas CRFP \u2013 coordinatore, Societatea Romana Alzheimer, Confederatia Caritas Romania), Italia (Anziani e Non Solo), Polonia (Universit\u00e0 di Lodz), Repubblica Ceca (Centro per le Famiglia e l\u2019Assistenza Sociale), Austria (E.N.T.E.R.). ELMI \u00e8 un progetto Leonardo da Vinci TOI, finanziato da ANPCDEFP Romania, della durata di 2 anni (2014-2016).<br \/>\n<strong>Online: <a href=\"http:\/\/www.elmiproject.eu\" target=\"_blank\" rel=\"noopener\">www.elmiproject.eu<\/a><\/strong><\/p>\n","protected":false},"excerpt":{"rendered":"<p>Attualmente, il progressivo invecchiamento della popolazione \u00e8 un problema che devono affrontare tutti gli stati europei. Anche la sfida per i sistemi sociali e sanitari avr\u00e0 un forte impatto e il lavoro dei caregiver informali come principali fornitori di cura rester\u00e0 un aspetto cruciale o diventer\u00e0 ancora pi\u00f9 importante. Sfortunatamente la crisi finanziaria ha portato<\/p>\n","protected":false},"author":1,"featured_media":0,"comment_status":"open","ping_status":"open","sticky":false,"template":"","format":"standard","meta":{"footnotes":""},"categories":[116],"tags":[],"class_list":["post-937","post","type-post","status-publish","format-standard","hentry","category-carfam"],"_links":{"self":[{"href":"https:\/\/www.anzianienonsolo.it\/online\/wp-json\/wp\/v2\/posts\/937"}],"collection":[{"href":"https:\/\/www.anzianienonsolo.it\/online\/wp-json\/wp\/v2\/posts"}],"about":[{"href":"https:\/\/www.anzianienonsolo.it\/online\/wp-json\/wp\/v2\/types\/post"}],"author":[{"embeddable":true,"href":"https:\/\/www.anzianienonsolo.it\/online\/wp-json\/wp\/v2\/users\/1"}],"replies":[{"embeddable":true,"href":"https:\/\/www.anzianienonsolo.it\/online\/wp-json\/wp\/v2\/comments?post=937"}],"version-history":[{"count":0,"href":"https:\/\/www.anzianienonsolo.it\/online\/wp-json\/wp\/v2\/posts\/937\/revisions"}],"wp:attachment":[{"href":"https:\/\/www.anzianienonsolo.it\/online\/wp-json\/wp\/v2\/media?parent=937"}],"wp:term":[{"taxonomy":"category","embeddable":true,"href":"https:\/\/www.anzianienonsolo.it\/online\/wp-json\/wp\/v2\/categories?post=937"},{"taxonomy":"post_tag","embeddable":true,"href":"https:\/\/www.anzianienonsolo.it\/online\/wp-json\/wp\/v2\/tags?post=937"}],"curies":[{"name":"wp","href":"https:\/\/api.w.org\/{rel}","templated":true}]}}