{"id":9271,"date":"2022-01-02T18:59:00","date_gmt":"2022-01-02T17:59:00","guid":{"rendered":"https:\/\/www.anzianienonsolo.it\/online\/?p=9271"},"modified":"2022-05-02T19:09:34","modified_gmt":"2022-05-02T17:09:34","slug":"creativeu-un-progetto-europeo-per-la-diversita-e-linclusione-2","status":"publish","type":"post","link":"https:\/\/www.anzianienonsolo.it\/online\/creativeu-un-progetto-europeo-per-la-diversita-e-linclusione-2\/","title":{"rendered":"CreativEU: novit\u00e0 dal progetto europeo finalizzato all&#8217;inclusione"},"content":{"rendered":"\n<p><strong>Gli output 2 e 3 sono stati completati!<\/strong><\/p>\n\n\n\n<p>L&#8217;Output 2 (programma di formazione per i datori di lavoro) e l&#8217;Output 3 (programmadi formazione perle piccole comunit\u00e0 rurali) sono stati completati, i partner delprogetto si stanno preparandoallo sviluppo e alla sperimentazione dell\u2019Output 4 (e-learningper i datori di lavoro e i membri delle comunit\u00e0rurali).Pi\u00f9 precisamente, l&#8217;Output 2 riguarda lo sviluppo e l&#8217;implementazionesperimentalediun programma educativo trasformativo basato sullostorytelling digitale, indirizzato adatori di lavoro, proprietari di piccole impreseeresponsabilidelle risorse umane chegestiscono team di lavorocaratterizzati da diversit\u00e0 culturale,nei contesti rurali. Ilprogramma,che sifondasui risultati della ricerca al centro del primo output,haaccompagnatoi partecipanti nelcomprendere le differenze culturali che esistono trai membri del loro team, aiutandolinella gestione dei diversi background dei dipendenti all\u2019interno delle loro aziende.<\/p>\n\n\n\n<p>L&#8217;output 3 riguarda lo sviluppo e l&#8217;implementazione sperimentale di un programma educativo-trasformativo basato sullo storytelling digitale e rivolto agli abitanti delle piccole comunit\u00e0 rurali, siano essi provenienti da un background migratorio o cittadini locali. Il programma, che si basa sui risultati della ricerca al centro del primo output di progetto, ha sviluppato la capacit\u00e0 dei membri delle comunit\u00e0 di comprendere le differenze culturali esistenti, aspirando ad aumentare cos\u00ec la coesione sociale, la conoscenza reciproca e la solidariet\u00e0.Si intende perci\u00f2 migliorare le competenze culturali, sociali e civiche dei partecipanti, in modo da promuovere la diversit\u00e0 culturale nei loro ambienti di vita.<\/p>\n\n\n\n<div data-wp-interactive=\"core\/file\" class=\"wp-block-file\"><object data-wp-bind--hidden=\"!state.hasPdfPreview\"  class=\"wp-block-file__embed\" data=\"https:\/\/www.anzianienonsolo.it\/online\/wp-content\/uploads\/2022\/05\/CreativEU_3rd-press-release_IT.fv_.pdf\" type=\"application\/pdf\" style=\"width:100%;height:600px\" aria-label=\"Incorporamento di Incorporamento di Scarica il comunicato completo_..\"><\/object><a id=\"wp-block-file--media-45081ee1-8d84-471b-93ee-c8f3e850b9bd\" href=\"https:\/\/www.anzianienonsolo.it\/online\/wp-content\/uploads\/2022\/05\/CreativEU_3rd-press-release_IT.fv_.pdf\">Scarica il comunicato completo_<\/a><a href=\"https:\/\/www.anzianienonsolo.it\/online\/wp-content\/uploads\/2022\/05\/CreativEU_3rd-press-release_IT.fv_.pdf\" class=\"wp-block-file__button\" download aria-describedby=\"wp-block-file--media-45081ee1-8d84-471b-93ee-c8f3e850b9bd\">Download<\/a><\/div>\n\n\n\n<p><\/p>\n","protected":false},"excerpt":{"rendered":"<p>Gli output 2 e 3 sono stati completati! L&#8217;Output 2 (programma di formazione per i datori di lavoro) e l&#8217;Output 3 (programmadi formazione perle piccole comunit\u00e0 rurali) sono stati completati, i partner delprogetto si stanno preparandoallo sviluppo e alla sperimentazione dell\u2019Output 4 (e-learningper i datori di lavoro e i membri delle comunit\u00e0rurali).Pi\u00f9 precisamente, l&#8217;Output 2<\/p>\n","protected":false},"author":1,"featured_media":8661,"comment_status":"open","ping_status":"open","sticky":false,"template":"","format":"standard","meta":{"footnotes":""},"categories":[121],"tags":[],"class_list":["post-9271","post","type-post","status-publish","format-standard","has-post-thumbnail","hentry","category-formazione"],"_links":{"self":[{"href":"https:\/\/www.anzianienonsolo.it\/online\/wp-json\/wp\/v2\/posts\/9271"}],"collection":[{"href":"https:\/\/www.anzianienonsolo.it\/online\/wp-json\/wp\/v2\/posts"}],"about":[{"href":"https:\/\/www.anzianienonsolo.it\/online\/wp-json\/wp\/v2\/types\/post"}],"author":[{"embeddable":true,"href":"https:\/\/www.anzianienonsolo.it\/online\/wp-json\/wp\/v2\/users\/1"}],"replies":[{"embeddable":true,"href":"https:\/\/www.anzianienonsolo.it\/online\/wp-json\/wp\/v2\/comments?post=9271"}],"version-history":[{"count":3,"href":"https:\/\/www.anzianienonsolo.it\/online\/wp-json\/wp\/v2\/posts\/9271\/revisions"}],"predecessor-version":[{"id":9275,"href":"https:\/\/www.anzianienonsolo.it\/online\/wp-json\/wp\/v2\/posts\/9271\/revisions\/9275"}],"wp:featuredmedia":[{"embeddable":true,"href":"https:\/\/www.anzianienonsolo.it\/online\/wp-json\/wp\/v2\/media\/8661"}],"wp:attachment":[{"href":"https:\/\/www.anzianienonsolo.it\/online\/wp-json\/wp\/v2\/media?parent=9271"}],"wp:term":[{"taxonomy":"category","embeddable":true,"href":"https:\/\/www.anzianienonsolo.it\/online\/wp-json\/wp\/v2\/categories?post=9271"},{"taxonomy":"post_tag","embeddable":true,"href":"https:\/\/www.anzianienonsolo.it\/online\/wp-json\/wp\/v2\/tags?post=9271"}],"curies":[{"name":"wp","href":"https:\/\/api.w.org\/{rel}","templated":true}]}}