{"id":9261,"date":"2022-04-29T17:58:44","date_gmt":"2022-04-29T15:58:44","guid":{"rendered":"https:\/\/www.anzianienonsolo.it\/online\/?p=9261"},"modified":"2022-04-29T17:58:49","modified_gmt":"2022-04-29T15:58:49","slug":"senior-sostegno-di-comunita-nellaumento-delle-opportunita-imprenditoriali-per-i-disoccupati-over-55","status":"publish","type":"post","link":"https:\/\/www.anzianienonsolo.it\/online\/senior-sostegno-di-comunita-nellaumento-delle-opportunita-imprenditoriali-per-i-disoccupati-over-55\/","title":{"rendered":"Senior+: sostegno di comunit\u00e0 nell\u2019aumento delle opportunit\u00e0 imprenditoriali per i disoccupati over 55.\u00a0"},"content":{"rendered":"\n<p><strong>SENIOR+ riunisce 6 organizzazioni provenienti da Francia, Spagna, Italia, Lituania, Grecia e Cipro nella definizione di strategie e strumenti per l&#8217;imprenditorialit\u00e0 degli adulti 55+, in particolare quelli a rischio di esclusione socio-economica.<\/strong><\/p>\n\n\n\n<p>Il partenariato del progetto Senior+ annuncia il lancio del nuovo sito web del progetto:\u00a0<a href=\"http:\/\/www.seniorplusproject.eu\/\"><strong>www.seniorplusproject.eu<\/strong><\/a>.\u00a0\u00a0<\/p>\n\n\n\n<p>Attraverso la piattaforma online condivideremo tutti i progressi e i risultati di questo progetto paneuropeo Erasmus+ della durata di&nbsp;30 mesi, finanziato dall&#8217;agenzia nazionale francese, che mira a migliorare la vita degli adulti 55+ implementando pratiche innovative nel campo dell&#8217;imprenditoria.&nbsp;<\/p>\n\n\n\n<p>L\u2019et\u00e0 media della forza lavoro europea sta aumentando: la percentuale della forza lavoro tra i 55 e i 69 anni \u00e8 cresciuta del 26,5% tra il 1987 e il 2010. Tuttavia, poche persone anziane sono coinvolte nell&#8217;imprenditoria, in particolare le donne. E le loro imprese tendono ad essere meno orientate alla crescita rispetto a quelle gestate da imprenditori pi\u00f9 giovani. I dati del Global Entrepreneurship Monitor suggeriscono che gli imprenditori tra la popolazione pi\u00f9 adulta, sono spinti dalla necessit\u00e0 pi\u00f9 che dalle nuove opportunit\u00e0. Tuttavia, la crisi del COVID-19 potrebbe cambiare questi dati e spingere pi\u00f9 persone oltre i 55 anni, che hanno perso il lavoro o il reddito a causa della pandemia, a considerare di avviare una propria attivit\u00e0.<\/p>\n\n\n\n<p>Molti studi hanno riconosciuto il ruolo dell&#8217;imprenditorialit\u00e0 nella riduzione della povert\u00e0, consentendo alle persone provenienti da ambienti svantaggiati, come gli adulti over 55, di trovare una propria soluzione alla disoccupazione e\/o alla discriminazione sul mercato del lavoro. Nell\u2019acquisire nuove abilit\u00e0 e competenze necessarie per l&#8217;imprenditorialit\u00e0, gli over 55 coinvolti nel progetto riceveranno anche una formazione focalizzata sulla creazione di valore sociale da un&#8217;impresa.<\/p>\n\n\n\n<p>Grazie a SENIOR+, il mondo del sociale si incontrer\u00e0 a quello imprenditoriale, e verranno identificate nuove nicchie di mercato sfruttabili dagli adulti over 55. Verranno create imprese sociali e inclusive per soddisfare i nuovi bisogni identificati, e questo stabilir\u00e0 un forte legame tra le persone coinvolte e i professionisti dell\u2019imprenditoria.<\/p>\n\n\n\n<p>I partner di Senior+ progetteranno:<\/p>\n\n\n\n<ol class=\"wp-block-list\" type=\"1\"><li>Un toolkit metodologico per coinvolgere professionisti dell\u2019imprenditoria e dell\u2019ambito sociale;<\/li><\/ol>\n\n\n\n<ul class=\"wp-block-list\"><li>Un programma di formazione online sulle competenze digitali finalizzate all&#8217;imprenditorialit\u00e0;<\/li><\/ul>\n\n\n\n<ul class=\"wp-block-list\"><li>Una contenitore digitale di idee imprenditoriali rivolto agli adulti 55+, con un focus specific sui modelli di business sostenibili, redditizi e replicabili;<\/li><\/ul>\n\n\n\n<ul class=\"wp-block-list\"><li>Un sistema digitale per l&#8217;incubazione d\u2019impresa e la promozione del mentoring, che identificher\u00e0 e organizzer\u00e0 gli strumenti digitali e le soluzioni disponibili per supportare i processi di incubazione sostenibile.<\/li><\/ul>\n\n\n\n<p>Vuoi saperne di pi\u00f9? Scarica il <a href=\"https:\/\/seniorplusproject.eu\/download\/233\/\"><strong>comunicato stampa<\/strong><\/a><\/p>\n","protected":false},"excerpt":{"rendered":"<p>SENIOR+ riunisce 6 organizzazioni provenienti da Francia, Spagna, Italia, Lituania, Grecia e Cipro nella definizione di strategie e strumenti per l&#8217;imprenditorialit\u00e0 degli adulti 55+, in particolare quelli a rischio di esclusione socio-economica. Il partenariato del progetto Senior+ annuncia il lancio del nuovo sito web del progetto:\u00a0www.seniorplusproject.eu.\u00a0\u00a0 Attraverso la piattaforma online condivideremo tutti i progressi e<\/p>\n","protected":false},"author":1,"featured_media":9262,"comment_status":"closed","ping_status":"closed","sticky":false,"template":"","format":"standard","meta":{"footnotes":""},"categories":[178,118,122],"tags":[],"class_list":["post-9261","post","type-post","status-publish","format-standard","has-post-thumbnail","hentry","category-in-primo-piano","category-societa-dellinvecchiamento","category-silo"],"_links":{"self":[{"href":"https:\/\/www.anzianienonsolo.it\/online\/wp-json\/wp\/v2\/posts\/9261"}],"collection":[{"href":"https:\/\/www.anzianienonsolo.it\/online\/wp-json\/wp\/v2\/posts"}],"about":[{"href":"https:\/\/www.anzianienonsolo.it\/online\/wp-json\/wp\/v2\/types\/post"}],"author":[{"embeddable":true,"href":"https:\/\/www.anzianienonsolo.it\/online\/wp-json\/wp\/v2\/users\/1"}],"replies":[{"embeddable":true,"href":"https:\/\/www.anzianienonsolo.it\/online\/wp-json\/wp\/v2\/comments?post=9261"}],"version-history":[{"count":1,"href":"https:\/\/www.anzianienonsolo.it\/online\/wp-json\/wp\/v2\/posts\/9261\/revisions"}],"predecessor-version":[{"id":9263,"href":"https:\/\/www.anzianienonsolo.it\/online\/wp-json\/wp\/v2\/posts\/9261\/revisions\/9263"}],"wp:featuredmedia":[{"embeddable":true,"href":"https:\/\/www.anzianienonsolo.it\/online\/wp-json\/wp\/v2\/media\/9262"}],"wp:attachment":[{"href":"https:\/\/www.anzianienonsolo.it\/online\/wp-json\/wp\/v2\/media?parent=9261"}],"wp:term":[{"taxonomy":"category","embeddable":true,"href":"https:\/\/www.anzianienonsolo.it\/online\/wp-json\/wp\/v2\/categories?post=9261"},{"taxonomy":"post_tag","embeddable":true,"href":"https:\/\/www.anzianienonsolo.it\/online\/wp-json\/wp\/v2\/tags?post=9261"}],"curies":[{"name":"wp","href":"https:\/\/api.w.org\/{rel}","templated":true}]}}