{"id":9211,"date":"2022-04-07T18:54:01","date_gmt":"2022-04-07T16:54:01","guid":{"rendered":"https:\/\/www.anzianienonsolo.it\/online\/?p=9211"},"modified":"2022-04-07T18:58:45","modified_gmt":"2022-04-07T16:58:45","slug":"craft-50-migliorare-le-competenze-imprenditoriali-degli-artigiani-europei-over-50","status":"publish","type":"post","link":"https:\/\/www.anzianienonsolo.it\/online\/craft-50-migliorare-le-competenze-imprenditoriali-degli-artigiani-europei-over-50\/","title":{"rendered":"Craft 50+: Migliorare le competenze imprenditoriali degli artigiani europei over 50"},"content":{"rendered":"\n<p>L\u2019artigianato tradizionale \u00e8 radicato sui territori europei in quanto parte delle culture locali. Si tratta di una professione centrata sull\u2019essere umano, che coinvolge una variet\u00e0 di operatori e contribuisce all\u2019economia circolare e alla coesione sociale della comunit\u00e0 in cui agisce.&nbsp;<\/p>\n\n\n\n<p>Craft 50+  svilupper\u00e0 un programma formativo che analizzer\u00e0 i bisogni degli artigiani in sette paesi europei e li supporter\u00e0 nell\u2019acquisizione di competenze imprenditoriali&nbsp; e digitali per sviluppare il loro business e la loro creativit\u00e0.<\/p>\n\n\n\n<p>Vuoi saperne di pi\u00f9?<strong> <a href=\"https:\/\/www.anzianienonsolo.it\/online\/download\/9214\/\">Scarica il volantino<\/a><\/strong><\/p>\n","protected":false},"excerpt":{"rendered":"<p>L\u2019artigianato tradizionale \u00e8 radicato sui territori europei in quanto parte delle culture locali. Si tratta di una professione centrata sull\u2019essere umano, che coinvolge una variet\u00e0 di operatori e contribuisce all\u2019economia circolare e alla coesione sociale della comunit\u00e0 in cui agisce.&nbsp; Craft 50+ svilupper\u00e0 un programma formativo che analizzer\u00e0 i bisogni degli artigiani in sette paesi<\/p>\n","protected":false},"author":1,"featured_media":9212,"comment_status":"closed","ping_status":"closed","sticky":false,"template":"","format":"standard","meta":{"footnotes":""},"categories":[121,178],"tags":[],"class_list":["post-9211","post","type-post","status-publish","format-standard","has-post-thumbnail","hentry","category-formazione","category-in-primo-piano"],"_links":{"self":[{"href":"https:\/\/www.anzianienonsolo.it\/online\/wp-json\/wp\/v2\/posts\/9211"}],"collection":[{"href":"https:\/\/www.anzianienonsolo.it\/online\/wp-json\/wp\/v2\/posts"}],"about":[{"href":"https:\/\/www.anzianienonsolo.it\/online\/wp-json\/wp\/v2\/types\/post"}],"author":[{"embeddable":true,"href":"https:\/\/www.anzianienonsolo.it\/online\/wp-json\/wp\/v2\/users\/1"}],"replies":[{"embeddable":true,"href":"https:\/\/www.anzianienonsolo.it\/online\/wp-json\/wp\/v2\/comments?post=9211"}],"version-history":[{"count":2,"href":"https:\/\/www.anzianienonsolo.it\/online\/wp-json\/wp\/v2\/posts\/9211\/revisions"}],"predecessor-version":[{"id":9218,"href":"https:\/\/www.anzianienonsolo.it\/online\/wp-json\/wp\/v2\/posts\/9211\/revisions\/9218"}],"wp:featuredmedia":[{"embeddable":true,"href":"https:\/\/www.anzianienonsolo.it\/online\/wp-json\/wp\/v2\/media\/9212"}],"wp:attachment":[{"href":"https:\/\/www.anzianienonsolo.it\/online\/wp-json\/wp\/v2\/media?parent=9211"}],"wp:term":[{"taxonomy":"category","embeddable":true,"href":"https:\/\/www.anzianienonsolo.it\/online\/wp-json\/wp\/v2\/categories?post=9211"},{"taxonomy":"post_tag","embeddable":true,"href":"https:\/\/www.anzianienonsolo.it\/online\/wp-json\/wp\/v2\/tags?post=9211"}],"curies":[{"name":"wp","href":"https:\/\/api.w.org\/{rel}","templated":true}]}}