{"id":9149,"date":"2022-03-18T11:54:28","date_gmt":"2022-03-18T10:54:28","guid":{"rendered":"https:\/\/www.anzianienonsolo.it\/online\/?p=9149"},"modified":"2022-03-18T11:54:31","modified_gmt":"2022-03-18T10:54:31","slug":"combattere-linvisibilita-dei-giovani-caregiver-con-il-progetto-together","status":"publish","type":"post","link":"https:\/\/www.anzianienonsolo.it\/online\/combattere-linvisibilita-dei-giovani-caregiver-con-il-progetto-together\/","title":{"rendered":"COMBATTERE L&#8217;INVISIBILIT\u00c0 DEI GIOVANI CAREGIVER CON IL PROGETTO TOGETHER"},"content":{"rendered":"\n<p><em>I risultati di un progetto innovativo per sensibilizzare e sostenere i giovani caregiver con un approccio che coinvolge tutta la famiglia<\/em><\/p>\n\n\n\n<p>Vari studi sulle molteplici responsabilit\u00e0 che i giovani caregiver si assumono hanno dimostrato che da un lato queste possono avere un effetto positivo, ma dall&#8217;altro una serie di evidenze mostra l&#8217;impatto negativo dell\u2019assistenza sui giovani caregiver in termini di salute, attivit\u00e0 sociali, formazione e opportunit\u00e0 di lavoro (Aldridge, 2008; Becker, 2007). Ulteriormente, \u00e8 stato riscontrato come una porzione significativa di giovani caregiver, di famiglie con responsabilit\u00e0 di cura e di professionisti fatichino ad identificare il ruolo di cura ricoperto dai pi\u00f9 giovani e di conseguenza non riescano a sostenerli attraverso attenzioni ed interventi mirati.&nbsp;<\/p>\n\n\n\n<p>Sulla base di queste informazioni, da aprile 2020 il progetto Erasmus+ Together sta lavorando con un approccio transnazionale per sviluppare strumenti e interventi a sostegno dell&#8217;inclusione sociale e del coinvolgimento dei giovani caregiver in Germania, Italia, Grecia e Scozia, con il supporto di EuroCarers, la rete europea di organizzazioni nel settore dell\u2019assistenza. Nel corso del progetto, che sta ormai volgendo al termine, i partner hanno creato risorse specifiche il cui obiettivo principale \u00e8 sostenere i giovani caregiver ed aiutare i professionisti ad adottare un approccio centrato sulla famiglia, incoraggiando una comunicazione aperta sulle patologie e sull\u2019assistenza fornita per migliorare le relazioni all&#8217;interno della famiglia. Tutti i risultati del progetto sono stati sviluppati e poi testati dai gruppi target in vari contesti nazionali e sono attualmente disponibili sul sito web del progetto al seguente&nbsp;<a href=\"https:\/\/togethereuproject.eu\/\">link<\/a>, dove \u00e8 possibile trovare:<\/p>\n\n\n\n<ul class=\"wp-block-list\"><li>Un database contenente diverse risorse e strumenti di sensibilizzazione e sostegno all\u2019identificazione del ruolo dei giovani caregiver;<\/li><li>Specifiche risorse e materiali nelle lingue dei partner adattate ai vari contesti nazionali coinvolti per promuovere l&#8217;identificazione dei giovani caregiver e l&#8217;approccio basato sul nucleo familiare;<\/li><li>Un modello di workshop per coinvolgere i giovani caregiver ed i membri della famiglia in una comunicazione aperta sull&#8217;impatto che la cura ha sulle loro vite;<\/li><li>Un corso e-learning ed un opuscolo per i professionisti, volto a guidarli e sostenerli nell&#8217;uso delle risorse e nella valutazione dell&#8217;impatto degli interventi.<\/li><\/ul>\n\n\n\n<p><em>Gli eventi finali per promuovere i risultati del progetto&nbsp;<\/em><\/p>\n\n\n\n<p>Durante il mese di marzo 2022 avranno luogo una serie di conferenze finali, sia a livello nazionale che internazionale, per diffondere i risultati raggiunti attraverso il progetto Together. Nel contesto italiano l\u2019evento finale sar\u00e0 organizzato in modalit\u00e0 online dal partner\u00a0<em>Anziani e non solo<\/em>\u00a0ed avr\u00e0 luogo su piattaforma Zoom il 24 Marzo 2022 dalle ore 15:00 alle 17:30. Nel corso della conferenza si parler\u00e0 dell\u2019impatto positivo che il progetto e le sue risorse possono avere nella vita dei giovani caregiver e vari esperti nazionali parteciperanno per discutere dell\u2019importanza dell\u2019approccio centrato sull\u2019intero nucleo familiare per supportare i membri pi\u00f9 giovani. L\u2019evento si rivolger\u00e0 ad enti e professionisti sociali e sanitari che lavorano nel settore giovanile, familiare, assistenziale ed educativo, incoraggiandoli nell\u2019uso delle risorse dopo la fine del progetto. Il programma completo e le istruzioni per iscriversi all\u2019evento sono disponibili\u00a0<a href=\"https:\/\/www.anzianienonsolo.it\/online\/events\/supportare-i-giovani-caregiver-un-approccio-basato-sul-nucleo-familiare\/\">qui<\/a>\u00a0sul sito dell\u2019organizzazione.<\/p>\n\n\n\n<p>Per saperne di pi\u00f9, scarica il <a href=\"https:\/\/togethereuproject.eu\/download\/864\/\" data-type=\"URL\" data-id=\"https:\/\/togethereuproject.eu\/download\/864\/\"><strong>comunicato stampa in formato .pdf<\/strong><\/a><\/p>\n","protected":false},"excerpt":{"rendered":"<p>I risultati di un progetto innovativo per sensibilizzare e sostenere i giovani caregiver con un approccio che coinvolge tutta la famiglia Vari studi sulle molteplici responsabilit\u00e0 che i giovani caregiver si assumono hanno dimostrato che da un lato queste possono avere un effetto positivo, ma dall&#8217;altro una serie di evidenze mostra l&#8217;impatto negativo dell\u2019assistenza sui<\/p>\n","protected":false},"author":1,"featured_media":8196,"comment_status":"closed","ping_status":"closed","sticky":false,"template":"","format":"standard","meta":{"footnotes":""},"categories":[116,176,173],"tags":[],"class_list":["post-9149","post","type-post","status-publish","format-standard","has-post-thumbnail","hentry","category-carfam","category-giovani","category-giovani-caregiver-2"],"_links":{"self":[{"href":"https:\/\/www.anzianienonsolo.it\/online\/wp-json\/wp\/v2\/posts\/9149"}],"collection":[{"href":"https:\/\/www.anzianienonsolo.it\/online\/wp-json\/wp\/v2\/posts"}],"about":[{"href":"https:\/\/www.anzianienonsolo.it\/online\/wp-json\/wp\/v2\/types\/post"}],"author":[{"embeddable":true,"href":"https:\/\/www.anzianienonsolo.it\/online\/wp-json\/wp\/v2\/users\/1"}],"replies":[{"embeddable":true,"href":"https:\/\/www.anzianienonsolo.it\/online\/wp-json\/wp\/v2\/comments?post=9149"}],"version-history":[{"count":1,"href":"https:\/\/www.anzianienonsolo.it\/online\/wp-json\/wp\/v2\/posts\/9149\/revisions"}],"predecessor-version":[{"id":9150,"href":"https:\/\/www.anzianienonsolo.it\/online\/wp-json\/wp\/v2\/posts\/9149\/revisions\/9150"}],"wp:featuredmedia":[{"embeddable":true,"href":"https:\/\/www.anzianienonsolo.it\/online\/wp-json\/wp\/v2\/media\/8196"}],"wp:attachment":[{"href":"https:\/\/www.anzianienonsolo.it\/online\/wp-json\/wp\/v2\/media?parent=9149"}],"wp:term":[{"taxonomy":"category","embeddable":true,"href":"https:\/\/www.anzianienonsolo.it\/online\/wp-json\/wp\/v2\/categories?post=9149"},{"taxonomy":"post_tag","embeddable":true,"href":"https:\/\/www.anzianienonsolo.it\/online\/wp-json\/wp\/v2\/tags?post=9149"}],"curies":[{"name":"wp","href":"https:\/\/api.w.org\/{rel}","templated":true}]}}