{"id":9108,"date":"2022-02-21T12:25:58","date_gmt":"2022-02-21T11:25:58","guid":{"rendered":"https:\/\/www.anzianienonsolo.it\/online\/?p=9108"},"modified":"2022-02-21T12:26:00","modified_gmt":"2022-02-21T11:26:00","slug":"social-seed-scarica-la-terza-newsletter-di-progetto","status":"publish","type":"post","link":"https:\/\/www.anzianienonsolo.it\/online\/social-seed-scarica-la-terza-newsletter-di-progetto\/","title":{"rendered":"Social seed: scarica la terza newsletter di progetto"},"content":{"rendered":"\n<p> <\/p>\n\n\n\n<h1 class=\"wp-block-heading\" id=\"social-seed-comincia-a-dare-i-suoi-frutti\"><em>Social Seed comincia a dare i suoi frutti&nbsp;<\/em><\/h1>\n\n\n\n<p><strong>Eventi per diffondere e discutere i risultati e i prossimi passi del progetto<\/strong><\/p>\n\n\n\n<p><strong>Eventi moltiplicatori in Spagna, Italia, Polonia e Germania<\/strong><\/p>\n\n\n\n<p>Il progetto Social Seed, iniziato a novembre 2019, durante le sue varie fasi ha costruito e testato una nuova metodologia di supporto alla creazione d&#8217;impresa per persone a rischio di esclusione sociale, tenendo conto dei contesti e delle opportunit\u00e0 nazionali dei Paesi partner del progetto. A novembre 2021 i progressi e i principali risultati raggiunti sono stati condivisi e discussi durante degli eventi dedicati nei vari paesi partner. Il partner italiano Consorzio Social Lab, sulla base della struttura dell&#8217;evento concordata con il partenariato del progetto, ha organizzato l&#8217;evento di disseminazione il 30 novembre nell&#8217;Officina degli Esordi, un centro culturale di Bari, con la partecipazione di 13 realt\u00e0 rilevanti rappresentate da 24 professionisti. L&#8217;obiettivo principale dell&#8217;evento \u00e8 stato quello di presentare gli output intellettuali di Social Seed, per raccogliere i feedback dei potenziali moltiplicatori e dei professionisti che lavorano nel campo dell&#8217;occupabilit\u00e0, dell&#8217;imprenditorialit\u00e0 e della cooperazione e per promuovere la trasferibilit\u00e0 dei prodotti sviluppati dal partenariato. L&#8217;incontro \u00e8 stato inoltre supportato dall&#8217;intervento di relatori chiave e di esperti del settore come facilitatori che hanno permesso di implementare un approccio partecipativo e dinamico.&nbsp;<\/p>\n\n\n\n<p>Le varie realt\u00e0 strategiche si sono mostrate interessate al lavoro fatto nell&#8217;ambito del progetto e hanno apprezzato l&#8217;organizzazione dell\u2019evento. Durante le sessioni sono state fornite osservazioni e suggerimenti rilevanti che saranno la base per la finalizzazione e conclusione del progetto. Un ulteriore e finale evento di disseminazione si terr\u00e0 ad aprile in Spagna, con l&#8217;obiettivo diffondere a livello internazionale tutti i risultati, con l&#8217;invito a replicare la metodologia di incubazione sociale per gruppi vulnerabili.<\/p>\n\n\n\n<p>Per Saperne di pi\u00f9, scarica la newsletter <a href=\"https:\/\/socialseedproject.eu\/download\/290\/\">https:\/\/socialseedproject.eu\/download\/290\/<\/a><\/p>\n","protected":false},"excerpt":{"rendered":"<p>Social Seed comincia a dare i suoi frutti&nbsp; Eventi per diffondere e discutere i risultati e i prossimi passi del progetto Eventi moltiplicatori in Spagna, Italia, Polonia e Germania Il progetto Social Seed, iniziato a novembre 2019, durante le sue varie fasi ha costruito e testato una nuova metodologia di supporto alla creazione d&#8217;impresa per<\/p>\n","protected":false},"author":1,"featured_media":8661,"comment_status":"closed","ping_status":"closed","sticky":false,"template":"","format":"standard","meta":{"footnotes":""},"categories":[178,476],"tags":[],"class_list":["post-9108","post","type-post","status-publish","format-standard","has-post-thumbnail","hentry","category-in-primo-piano","category-inclusione"],"_links":{"self":[{"href":"https:\/\/www.anzianienonsolo.it\/online\/wp-json\/wp\/v2\/posts\/9108"}],"collection":[{"href":"https:\/\/www.anzianienonsolo.it\/online\/wp-json\/wp\/v2\/posts"}],"about":[{"href":"https:\/\/www.anzianienonsolo.it\/online\/wp-json\/wp\/v2\/types\/post"}],"author":[{"embeddable":true,"href":"https:\/\/www.anzianienonsolo.it\/online\/wp-json\/wp\/v2\/users\/1"}],"replies":[{"embeddable":true,"href":"https:\/\/www.anzianienonsolo.it\/online\/wp-json\/wp\/v2\/comments?post=9108"}],"version-history":[{"count":1,"href":"https:\/\/www.anzianienonsolo.it\/online\/wp-json\/wp\/v2\/posts\/9108\/revisions"}],"predecessor-version":[{"id":9109,"href":"https:\/\/www.anzianienonsolo.it\/online\/wp-json\/wp\/v2\/posts\/9108\/revisions\/9109"}],"wp:featuredmedia":[{"embeddable":true,"href":"https:\/\/www.anzianienonsolo.it\/online\/wp-json\/wp\/v2\/media\/8661"}],"wp:attachment":[{"href":"https:\/\/www.anzianienonsolo.it\/online\/wp-json\/wp\/v2\/media?parent=9108"}],"wp:term":[{"taxonomy":"category","embeddable":true,"href":"https:\/\/www.anzianienonsolo.it\/online\/wp-json\/wp\/v2\/categories?post=9108"},{"taxonomy":"post_tag","embeddable":true,"href":"https:\/\/www.anzianienonsolo.it\/online\/wp-json\/wp\/v2\/tags?post=9108"}],"curies":[{"name":"wp","href":"https:\/\/api.w.org\/{rel}","templated":true}]}}