{"id":9034,"date":"2022-02-01T09:53:29","date_gmt":"2022-02-01T08:53:29","guid":{"rendered":"https:\/\/www.anzianienonsolo.it\/online\/?p=9034"},"modified":"2022-02-01T09:53:32","modified_gmt":"2022-02-01T08:53:32","slug":"progetto-together-tante-novita-nella-newsletter-appena-pubblicata","status":"publish","type":"post","link":"https:\/\/www.anzianienonsolo.it\/online\/progetto-together-tante-novita-nella-newsletter-appena-pubblicata\/","title":{"rendered":"Progetto Together: tante novit\u00e0 nella newsletter appena pubblicata"},"content":{"rendered":"\n<p><strong>PROGETTO TOGETHER: LANCIO DELLA GUIDA PER LA REALIZZAZIONE DEL WORKSHOP E CORSO DI FORMAZIONE<\/strong><\/p>\n\n\n\n<p><strong><em>Insieme siamo pi\u00f9 forti: workshop per giovani caregiver e familiari<\/em><\/strong><strong><\/strong><\/p>\n\n\n\n<p>Il progetto TOGETHER, finanziato dal programma Erasmus+, sta giungendo ai suoi stadi conclusivi.<\/p>\n\n\n\n<p>Negli ultimi mesi il consorzio ha lavorato per la realizzazione del workshop esperienziale per giovani caregiver (dai 13 ai 25 anni) ed i loro familiari. Il workshop ha avuto lo scopo di promuovere un dialogo aperto sulla condizione della persona assistita e sull&#8217;impatto che l&#8217;assistenza ha sul giovane, cos\u00ec come sul modo in cui l&#8217;intera famiglia pu\u00f2 rispondere a tale impegno sostenendosi a vicenda. Questa esperienza \u00e8 stata un&#8217;opportunit\u00e0 per i giovani caregiver e i loro familiari di riflettere e condividere i loro sentimenti su varie questioni inerenti l\u2019assistenza fornita.&nbsp;<\/p>\n\n\n\n<p>Il workshop si \u00e8 tenuto nei diversi Paesi partner ed ha visto il coinvolgimento di 25 giovani caregiver e 18 membri della famiglia.<\/p>\n\n\n\n<p>Il partenariato \u00e8 ora lieto di lanciare la guida alla realizzazione del workshop \u201c<em>Insieme siamo pi\u00f9 forti<\/em>\u201d che fornisce istruzioni per l\u2019implementazione, il programma e la metodologia del workshop, tutti i materiali necessari ed un resoconto dei workshop pilota che si sono tenuti nei diversi Paesi partner.&nbsp;<\/p>\n\n\n\n<p>La guida \u00e8 ora disponibile in inglese sul sito del progetto al seguente link:&nbsp;<\/p>\n\n\n\n<p><a href=\"https:\/\/togethereuproject.eu\/download\/806\/\">https:\/\/togethereuproject.eu\/download\/806\/<\/a><\/p>\n\n\n\n<p><strong><em>Insieme per la cura: corso formativo per professionisti<\/em><\/strong><\/p>\n\n\n\n<p>Una degli ultimi risultati del progetto \u00e8 stata la creazione di un corso di formazione online per i professionisti che lavorano in ambito giovanile, familiare e delle disabilit\u00e0.&nbsp;<\/p>\n\n\n\n<p>Il corso \u00e8 suddiviso in 5 moduli che trattano diversi argomenti:&nbsp;<\/p>\n\n\n\n<ol class=\"wp-block-list\" type=\"1\"><li>Introduzione al tema dei giovani caregiver ed all\u2019approccio centrato sulla famiglia;<\/li><li>Come utilizzare le risorse di sensibilizzazione sui giovani caregiver e sull\u2019impatto della cura;<\/li><li>Realizzazione del workshop;<\/li><li>Come valutare l\u2019impatto di interventi psico-sociali;<\/li><li>Buone pratiche europee.<\/li><\/ol>\n\n\n\n<p>Il corso di formazione online \u00e8 ora disponibile gratuitamente in inglese, italiano, tedesco e greco ed \u00e8 liberamente accessibile previa registrazione.<\/p>\n\n\n\n<p>Se sei un professionista che lavora con i giovani o le famiglie e vuoi partecipare al corso online, accedi dal seguente link:\u00a0<a href=\"https:\/\/togethereuproject.eu\/training\/\">https:\/\/togethereuproject.eu\/training\/<\/a><\/p>\n\n\n\n<p><a href=\"https:\/\/togethereuproject.eu\/download\/824\/\">Scarica la newsletter in formato .pdf<\/a><\/p>\n","protected":false},"excerpt":{"rendered":"<p>PROGETTO TOGETHER: LANCIO DELLA GUIDA PER LA REALIZZAZIONE DEL WORKSHOP E CORSO DI FORMAZIONE Insieme siamo pi\u00f9 forti: workshop per giovani caregiver e familiari Il progetto TOGETHER, finanziato dal programma Erasmus+, sta giungendo ai suoi stadi conclusivi. Negli ultimi mesi il consorzio ha lavorato per la realizzazione del workshop esperienziale per giovani caregiver (dai 13<\/p>\n","protected":false},"author":1,"featured_media":9035,"comment_status":"closed","ping_status":"closed","sticky":false,"template":"","format":"standard","meta":{"footnotes":""},"categories":[173],"tags":[],"class_list":["post-9034","post","type-post","status-publish","format-standard","has-post-thumbnail","hentry","category-giovani-caregiver-2"],"_links":{"self":[{"href":"https:\/\/www.anzianienonsolo.it\/online\/wp-json\/wp\/v2\/posts\/9034"}],"collection":[{"href":"https:\/\/www.anzianienonsolo.it\/online\/wp-json\/wp\/v2\/posts"}],"about":[{"href":"https:\/\/www.anzianienonsolo.it\/online\/wp-json\/wp\/v2\/types\/post"}],"author":[{"embeddable":true,"href":"https:\/\/www.anzianienonsolo.it\/online\/wp-json\/wp\/v2\/users\/1"}],"replies":[{"embeddable":true,"href":"https:\/\/www.anzianienonsolo.it\/online\/wp-json\/wp\/v2\/comments?post=9034"}],"version-history":[{"count":1,"href":"https:\/\/www.anzianienonsolo.it\/online\/wp-json\/wp\/v2\/posts\/9034\/revisions"}],"predecessor-version":[{"id":9036,"href":"https:\/\/www.anzianienonsolo.it\/online\/wp-json\/wp\/v2\/posts\/9034\/revisions\/9036"}],"wp:featuredmedia":[{"embeddable":true,"href":"https:\/\/www.anzianienonsolo.it\/online\/wp-json\/wp\/v2\/media\/9035"}],"wp:attachment":[{"href":"https:\/\/www.anzianienonsolo.it\/online\/wp-json\/wp\/v2\/media?parent=9034"}],"wp:term":[{"taxonomy":"category","embeddable":true,"href":"https:\/\/www.anzianienonsolo.it\/online\/wp-json\/wp\/v2\/categories?post=9034"},{"taxonomy":"post_tag","embeddable":true,"href":"https:\/\/www.anzianienonsolo.it\/online\/wp-json\/wp\/v2\/tags?post=9034"}],"curies":[{"name":"wp","href":"https:\/\/api.w.org\/{rel}","templated":true}]}}