{"id":8903,"date":"2021-12-01T09:48:30","date_gmt":"2021-12-01T08:48:30","guid":{"rendered":"https:\/\/www.anzianienonsolo.it\/online\/?p=8903"},"modified":"2021-12-01T09:58:23","modified_gmt":"2021-12-01T08:58:23","slug":"creativeu-online-il-sito-del-progetto-europeo-per-la-diversita-ed-inclusione","status":"publish","type":"post","link":"https:\/\/www.anzianienonsolo.it\/online\/creativeu-online-il-sito-del-progetto-europeo-per-la-diversita-ed-inclusione\/","title":{"rendered":"CreativEU: online il sito del progetto europeo per la diversit\u00e0 ed inclusione"},"content":{"rendered":"\n<p>\u00a0Per il progetto &#8220;CreativEU&#8221; \u00e8 stato realizzato un sito web, a cui si pu\u00f2 accedere attraverso questo <a href=\"http:\/\/creativeuproject.eu\"><strong>link<\/strong><\/a>. Sar\u00e0 disponibile nelle lingue dei partner: inglese, italiano, lituano, svedese, spagnolo e greco. Il sito verr\u00e0 utilizzato come principale canale di diffusione e pubblicizzazione dei contenuti del progetto. Al suo interno potrete trovare informazioni sul progetto e sui partner, sui risultati delle attivit\u00e0 implementate, sugli ultimi progressi del progetto. Nel sito troverete anche la pagina dei contatti e i link con tutte le nostre pubblicazioni. Potete seguirci anche su <a href=\"https:\/\/www.facebook.com\/erasmuscreativeu\/posts\/142755811234280\"><strong>Facebook<\/strong><\/a> e su <a href=\"https:\/\/www.linkedin.com\/company\/71893263\/admin\/\"><strong>Linkedin<\/strong><\/a>: attraverso le nostre pagine social sar\u00e0 ancora pi\u00f9 semplice rimanere aggiornati su tutti gli sviluppi del progetto, cos\u00ec come sulle notizie relative alle tematiche della migrazione e dell\u2019inclusione sociale e culturale. Sentitevi liberi di esplorarle e di spargere la voce!\u00a0<\/p>\n\n\n\n<p><strong>CreativEU <\/strong>(&#8220;Diversit\u00e0 culturale: Creazione di ambienti inclusivi nelle piccole comunit\u00e0 in Europa&#8221;) \u00e8 un progetto del programma Erasmus+ che intende promuovere la diversit\u00e0 culturale e l&#8217;inclusione sia sul posto di lavoro che nella comunit\u00e0, coinvolgendo migranti e cittadini locali in un processo di integrazione positiva, con particolare riguardo ai contesti lavorativi e di impresa. Nel corso del progetto, saranno sviluppate e sperimentate attivit\u00e0 formative che utilizzeranno lo storytelling digitale come metodologia chiave per i soggetti partecipanti. Attraverso lo storytelling e la sua capacit\u00e0 di unire i mezzi narrativi tradizionali con la fotografia, i video, la musica ed altro materiale multimediale, verranno tracciate linee comuni tra esperienze di vita diverse, al fine di dare un contributo nella costruzione di una cultura universale basata sulla solidariet\u00e0 e sull\u2019empatia.&nbsp;<\/p>\n\n\n\n<p><\/p>\n\n\n\n<div class=\"wp-block-file\"><a href=\"https:\/\/www.anzianienonsolo.it\/online\/wp-content\/uploads\/2021\/12\/CreativEU_PR2_IT.pdf\">Scarica il comunicato stampa in formato pdf<\/a><a href=\"https:\/\/www.anzianienonsolo.it\/online\/wp-content\/uploads\/2021\/12\/CreativEU_PR2_IT.pdf\" class=\"wp-block-file__button\" download>Download<\/a><\/div>\n\n\n\n<p>Se vuoi conoscere meglio il progetto, visita il sito <a href=\"http:\/\/creativeuproject.eu\" target=\"_blank\" rel=\"noreferrer noopener\"><strong>http:\/\/creativeuproject.eu<\/strong><\/a><\/p>\n","protected":false},"excerpt":{"rendered":"<p>\u00a0Per il progetto &#8220;CreativEU&#8221; \u00e8 stato realizzato un sito web, a cui si pu\u00f2 accedere attraverso questo link. Sar\u00e0 disponibile nelle lingue dei partner: inglese, italiano, lituano, svedese, spagnolo e greco. Il sito verr\u00e0 utilizzato come principale canale di diffusione e pubblicizzazione dei contenuti del progetto. Al suo interno potrete trovare informazioni sul progetto e<\/p>\n","protected":false},"author":1,"featured_media":8760,"comment_status":"closed","ping_status":"closed","sticky":false,"template":"","format":"standard","meta":{"footnotes":""},"categories":[178,476],"tags":[],"class_list":["post-8903","post","type-post","status-publish","format-standard","has-post-thumbnail","hentry","category-in-primo-piano","category-inclusione"],"_links":{"self":[{"href":"https:\/\/www.anzianienonsolo.it\/online\/wp-json\/wp\/v2\/posts\/8903"}],"collection":[{"href":"https:\/\/www.anzianienonsolo.it\/online\/wp-json\/wp\/v2\/posts"}],"about":[{"href":"https:\/\/www.anzianienonsolo.it\/online\/wp-json\/wp\/v2\/types\/post"}],"author":[{"embeddable":true,"href":"https:\/\/www.anzianienonsolo.it\/online\/wp-json\/wp\/v2\/users\/1"}],"replies":[{"embeddable":true,"href":"https:\/\/www.anzianienonsolo.it\/online\/wp-json\/wp\/v2\/comments?post=8903"}],"version-history":[{"count":3,"href":"https:\/\/www.anzianienonsolo.it\/online\/wp-json\/wp\/v2\/posts\/8903\/revisions"}],"predecessor-version":[{"id":8909,"href":"https:\/\/www.anzianienonsolo.it\/online\/wp-json\/wp\/v2\/posts\/8903\/revisions\/8909"}],"wp:featuredmedia":[{"embeddable":true,"href":"https:\/\/www.anzianienonsolo.it\/online\/wp-json\/wp\/v2\/media\/8760"}],"wp:attachment":[{"href":"https:\/\/www.anzianienonsolo.it\/online\/wp-json\/wp\/v2\/media?parent=8903"}],"wp:term":[{"taxonomy":"category","embeddable":true,"href":"https:\/\/www.anzianienonsolo.it\/online\/wp-json\/wp\/v2\/categories?post=8903"},{"taxonomy":"post_tag","embeddable":true,"href":"https:\/\/www.anzianienonsolo.it\/online\/wp-json\/wp\/v2\/tags?post=8903"}],"curies":[{"name":"wp","href":"https:\/\/api.w.org\/{rel}","templated":true}]}}