{"id":8838,"date":"2021-10-28T15:55:38","date_gmt":"2021-10-28T13:55:38","guid":{"rendered":"https:\/\/www.anzianienonsolo.it\/online\/?p=8838"},"modified":"2021-10-28T16:01:16","modified_gmt":"2021-10-28T14:01:16","slug":"voiceit-i-diritti-lgbtqi-nella-vita-quotidiana","status":"publish","type":"post","link":"https:\/\/www.anzianienonsolo.it\/online\/voiceit-i-diritti-lgbtqi-nella-vita-quotidiana\/","title":{"rendered":"VoiceIt: I diritti LGBTQI+ nella vita quotidiana"},"content":{"rendered":"\n<h1 class=\"wp-block-heading\"><br><\/h1>\n\n\n\n<p>\u201cVoiceIt: I diritti LGBTQI + nella vita quotidiana\u201d \u00e8 stato il tema dell\u2019evento online organizzato da\u00a0<a href=\"https:\/\/www.kmop.gr\/\">KMOP \u2013 Social Action and Innovation Centre<\/a>\u00a0nell&#8217;ambito del progetto\u00a0<a href=\"https:\/\/www.voiceitproject.eu\/\">&#8220;VoiceIt: rafforzare la voce delle persone LGBTQI+ in politica<\/a>&#8220;, finanziato dal programma Rights, Equality and Citizenship (REC) dell\u2019Unione Europea.<\/p>\n\n\n\n<p>All\u2019evento hanno partecipato 200 persone ed \u00e8 stato moderato da&nbsp;<strong>Harris Ioannou<\/strong>, caporedattore del giornale \u201cThe Toc\u201d. Durante la conferenza finale del progetto \u00e8 stato presentato il lavoro svolto in questi due anni da parte dei referenti dei paesi partner.<\/p>\n\n\n\n<p>Il Progetto VoiceIt, realizzato in Grecia, Cipro e Italia, mira ad accrescere la partecipazione e il coinvolgimento diretto degli individui LGBTQI+ nei processi politici e decisionali. Gli ospiti ben noti nel campo della politica, dell\u2019istruzione e del giornalismo hanno esaminato le sfide e i maggiori problemi affrontati dalle persone LGBTQI+ quando partecipano attivamente alla politica e in vari aspetti della vita quotidiana.<\/p>\n\n\n\n<p>In particolare,&nbsp;<strong>Nikolas Giatromanolakis<\/strong>&#8211; viceministro della cultura e dello sport, responsabile della cultura contemporanea- ha partecipato all\u2019evento. Fra i relatori di spicco figurano:&nbsp;<strong>Dimitra Kogidou<\/strong>, professoressa di psicologia all\u2019Universit\u00e0 Aristotele di Salonicco(AUTh), Grecia, e presidente del Comitato per il Genere e l\u2019Uguaglianza presso la AUTh,&nbsp;<strong>Maggie Carter<\/strong>, analista di ricerca-UNRISD, Svizzera,&nbsp;<strong>Rebecca Graziosi<\/strong>&#8211; Anziani e non solo (ANS), Italia,&nbsp;<strong>Apostolos Karampairis<\/strong>&#8211; Salonicco Pride, membro del Comitato per lo sviluppo della Strategia Nazionale per l\u2019uguaglianza LGBTQI+,&nbsp;<strong>Christina Hela<\/strong>&#8211; giornalista di Kosmodromio,&nbsp;<strong>Andreas Andreou<\/strong>&#8211; Rappresentante di Accept Cyprus e&nbsp;<strong>Maria Elli Doufexi Kaplani<\/strong>&#8211; coordinatrice del progetto e ricercatrice, KMOP.<\/p>\n\n\n\n<p>Il viceministro della cultura e dello sport,&nbsp;<strong>Nicolas Giatromanolikis<\/strong>, ha fatto riferimento alla rappresentanza e agli ostacoli affrontanti dalle persone LGBTQI+ nel loro coinvolgimento in politica: \u201cSecondo l\u2019indagine dell\u2019Eurobarometro del 2019, solo il 40% dell\u2019opinione pubblica greca ha dichiarato che si sentirebbe a proprio agio ad avere un funzionario pubblico LGBQTI+\u201d, ha affermato. In seguito, il viceministro ha evidenziato la pressione di essere apertamente gay e allo stesso tempo di ricoprire una carica pubblica: \u201cSolo il fatto che io esisto fa sentire alcune persone a disagio. E questo \u00e8 un fatto molto interessante. Ci sono molte persone che aspettano il momento in cui falliremo\u201d.<\/p>\n\n\n\n<p>Il viceministro della cultura e lo sport ha inoltre discusso delle modalit\u00e0 in cui i media si riferiscono ai diritti LGBTQI+, prendendo spunto dalla sua esperienza personale: \u201cI media ancora non sanno come gestire l\u2019esistenza delle persone LGBTQI+ in politica. Certamente non sanno come gestire la mia. Quando ho prestato giuramento come sottosegretario, c&#8217;\u00e8 stato interesse, ma l&#8217;intero approccio \u00e8 stato &#8216;come gestisco l&#8217;essere una persona LGBTQI+&#8217;, mentre si sono concentrati sulla mia vita personale e non sulle mie opinioni politiche&#8221;.<\/p>\n\n\n\n<p><strong>Rebecca Graziosi<\/strong><strong>,<\/strong>&nbsp;assistente progettista della cooperativa Anziani e non solo, Italia, ha confermato la mancanza di partecipazione politica delle persone LGBTQI+ in Grecia, Cipro e Italia, come emerso dalle risultanze della ricerca condotta nell\u2019ambito del progetto VoiceIt.<\/p>\n\n\n\n<p>Le risultanze principali della ricerca condotta in Grecia, Cipro e Italia nell\u2019ambito del progetto VoiceIt sono state presentate dalla coordinatrice del progetto e ricercatrice di KMOP,&nbsp;<strong>Maria-Elli Doufexi Kaplani<\/strong>, che ha messo in luce: \u201cDurante la ricerca abbiamo riscontrato una mancanza di informazione sui vari aspetti riguardanti la vita quotidiana LGBTQI+ e i diritti LGBTQI+, anche per quelli che sono protetti dalla legge&#8221;.<\/p>\n\n\n\n<p><strong>Maria Elli Doufexi Kaplani<\/strong>, coordinatrice del progetto e ricercatrice di KMOP&nbsp;e&nbsp;<strong>Christina Hela<\/strong><strong>,<\/strong>&nbsp;giornalista di Kosmodromio hanno discusso dei modi in cui i media stanno plasmando le percezioni sulle persone e i diritti LGBTQI+.<\/p>\n\n\n\n<p><strong>Maggie Carter,<\/strong>&nbsp;ricercatrice presso l\u2019UNRISD and il referente del Salonicco Pride &#8211; Thessaloniki Pride Festival&nbsp;<strong>Apostolos Karabairis<\/strong>&nbsp;hanno parlato delle riforme politiche necessarie per una societ\u00e0 pi\u00f9 inclusiva, cos\u00ec come delle istanze della comunit\u00e0 e dei progressi che sono stati compiuti in questo senso.<\/p>\n\n\n\n<p><strong>Andreas Andreou,<\/strong>&nbsp;referente di Accept Cyprus e<strong>&nbsp;Dimitra Kogidou<\/strong>, Professoressa di psicologia presso l\u2019Universit\u00e0 Aristotele di Salonicco (AUTh) hanno trattato il tema dell\u2019inclusione e della protezione dei diritti dei bambini LGBTQI+ nell\u2019istruzione: \u201cNoi vogliamo tutti vivere in un mondo in cui possiamo muoverci liberamente e senza paura, a prescindere dall\u2019orientamento sessuale e l\u2019identit\u00e0 di genere. Sfortunatamente, questo non \u00e8 il mondo in cui viviamo\u201d.<\/p>\n\n\n\n<p>Puoi guardare l\u2019evento qui:<\/p>\n\n\n\n<p><a href=\"https:\/\/www.facebook.com\/kmop.eu\/videos\/911331762808915\">https:\/\/www.facebook.com\/kmop.eu\/videos\/911331762808915<\/a><\/p>\n\n\n\n<p>Per maggiori informazioni puoi contattarci a: progetti@anzianienonsolo.it<\/p>\n\n\n\n<h2 class=\"wp-block-heading\">La campagna promossa da Anziani e non solo nell&#8217;ambito del progetto VoiceIt<\/h2>\n\n\n\n<figure class=\"wp-block-embed is-type-video is-provider-youtube wp-block-embed-youtube wp-embed-aspect-16-9 wp-has-aspect-ratio\"><div class=\"wp-block-embed__wrapper\">\n<iframe title=\"Progetto Voice-it: aumentare la partecipazione politica delle persone LGBTQI+\" width=\"1120\" height=\"630\" src=\"https:\/\/www.youtube.com\/embed\/7P0kKMSeWFY?feature=oembed\" frameborder=\"0\" allow=\"accelerometer; autoplay; clipboard-write; encrypted-media; gyroscope; picture-in-picture\" allowfullscreen><\/iframe>\n<\/div><\/figure>\n\n\n\n<figure class=\"wp-block-embed is-type-video is-provider-youtube wp-block-embed-youtube wp-embed-aspect-16-9 wp-has-aspect-ratio\"><div class=\"wp-block-embed__wrapper\">\n<iframe title=\"Fai sentire la tua voce! Campagna a cura del progetto Voice-it ed Anziani e non solo\" width=\"1120\" height=\"630\" src=\"https:\/\/www.youtube.com\/embed\/OSM9XBDXnxY?feature=oembed\" frameborder=\"0\" allow=\"accelerometer; autoplay; clipboard-write; encrypted-media; gyroscope; picture-in-picture\" allowfullscreen><\/iframe>\n<\/div><\/figure>\n\n\n\n<figure class=\"wp-block-gallery columns-3 is-cropped wp-block-gallery-1 is-layout-flex wp-block-gallery-is-layout-flex\"><ul class=\"blocks-gallery-grid\"><li class=\"blocks-gallery-item\"><figure><img fetchpriority=\"high\" decoding=\"async\" width=\"724\" height=\"1024\" src=\"https:\/\/www.anzianienonsolo.it\/online\/wp-content\/uploads\/2021\/10\/Poster_voice_it_1-724x1024.jpg\" alt=\"\" data-id=\"8839\" data-full-url=\"https:\/\/www.anzianienonsolo.it\/online\/wp-content\/uploads\/2021\/10\/Poster_voice_it_1.jpg\" data-link=\"https:\/\/www.anzianienonsolo.it\/online\/?attachment_id=8839\" class=\"wp-image-8839\" srcset=\"https:\/\/www.anzianienonsolo.it\/online\/wp-content\/uploads\/2021\/10\/Poster_voice_it_1-724x1024.jpg 724w, https:\/\/www.anzianienonsolo.it\/online\/wp-content\/uploads\/2021\/10\/Poster_voice_it_1-600x848.jpg 600w, https:\/\/www.anzianienonsolo.it\/online\/wp-content\/uploads\/2021\/10\/Poster_voice_it_1-212x300.jpg 212w, https:\/\/www.anzianienonsolo.it\/online\/wp-content\/uploads\/2021\/10\/Poster_voice_it_1-768x1086.jpg 768w, https:\/\/www.anzianienonsolo.it\/online\/wp-content\/uploads\/2021\/10\/Poster_voice_it_1-1086x1536.jpg 1086w, https:\/\/www.anzianienonsolo.it\/online\/wp-content\/uploads\/2021\/10\/Poster_voice_it_1-1448x2048.jpg 1448w, https:\/\/www.anzianienonsolo.it\/online\/wp-content\/uploads\/2021\/10\/Poster_voice_it_1.jpg 1754w\" sizes=\"(max-width: 724px) 100vw, 724px\" \/><\/figure><\/li><li class=\"blocks-gallery-item\"><figure><img decoding=\"async\" width=\"724\" height=\"1024\" src=\"https:\/\/www.anzianienonsolo.it\/online\/wp-content\/uploads\/2021\/10\/Poster_voice_it_2-724x1024.jpg\" alt=\"\" data-id=\"8840\" data-full-url=\"https:\/\/www.anzianienonsolo.it\/online\/wp-content\/uploads\/2021\/10\/Poster_voice_it_2.jpg\" data-link=\"https:\/\/www.anzianienonsolo.it\/online\/?attachment_id=8840\" class=\"wp-image-8840\" srcset=\"https:\/\/www.anzianienonsolo.it\/online\/wp-content\/uploads\/2021\/10\/Poster_voice_it_2-724x1024.jpg 724w, https:\/\/www.anzianienonsolo.it\/online\/wp-content\/uploads\/2021\/10\/Poster_voice_it_2-600x848.jpg 600w, https:\/\/www.anzianienonsolo.it\/online\/wp-content\/uploads\/2021\/10\/Poster_voice_it_2-212x300.jpg 212w, https:\/\/www.anzianienonsolo.it\/online\/wp-content\/uploads\/2021\/10\/Poster_voice_it_2-768x1086.jpg 768w, https:\/\/www.anzianienonsolo.it\/online\/wp-content\/uploads\/2021\/10\/Poster_voice_it_2-1086x1536.jpg 1086w, https:\/\/www.anzianienonsolo.it\/online\/wp-content\/uploads\/2021\/10\/Poster_voice_it_2-1448x2048.jpg 1448w, https:\/\/www.anzianienonsolo.it\/online\/wp-content\/uploads\/2021\/10\/Poster_voice_it_2.jpg 1754w\" sizes=\"(max-width: 724px) 100vw, 724px\" \/><\/figure><\/li><li class=\"blocks-gallery-item\"><figure><img decoding=\"async\" width=\"724\" height=\"1024\" src=\"https:\/\/www.anzianienonsolo.it\/online\/wp-content\/uploads\/2021\/10\/Poster_voice_it_3-724x1024.jpg\" alt=\"\" data-id=\"8841\" data-full-url=\"https:\/\/www.anzianienonsolo.it\/online\/wp-content\/uploads\/2021\/10\/Poster_voice_it_3.jpg\" data-link=\"https:\/\/www.anzianienonsolo.it\/online\/?attachment_id=8841\" class=\"wp-image-8841\" srcset=\"https:\/\/www.anzianienonsolo.it\/online\/wp-content\/uploads\/2021\/10\/Poster_voice_it_3-724x1024.jpg 724w, https:\/\/www.anzianienonsolo.it\/online\/wp-content\/uploads\/2021\/10\/Poster_voice_it_3-600x848.jpg 600w, https:\/\/www.anzianienonsolo.it\/online\/wp-content\/uploads\/2021\/10\/Poster_voice_it_3-212x300.jpg 212w, https:\/\/www.anzianienonsolo.it\/online\/wp-content\/uploads\/2021\/10\/Poster_voice_it_3-768x1086.jpg 768w, https:\/\/www.anzianienonsolo.it\/online\/wp-content\/uploads\/2021\/10\/Poster_voice_it_3-1086x1536.jpg 1086w, https:\/\/www.anzianienonsolo.it\/online\/wp-content\/uploads\/2021\/10\/Poster_voice_it_3-1448x2048.jpg 1448w, https:\/\/www.anzianienonsolo.it\/online\/wp-content\/uploads\/2021\/10\/Poster_voice_it_3.jpg 1754w\" sizes=\"(max-width: 724px) 100vw, 724px\" \/><\/figure><\/li><\/ul><\/figure>\n","protected":false},"excerpt":{"rendered":"<p>\u201cVoiceIt: I diritti LGBTQI + nella vita quotidiana\u201d \u00e8 stato il tema dell\u2019evento online organizzato da\u00a0KMOP \u2013 Social Action and Innovation Centre\u00a0nell&#8217;ambito del progetto\u00a0&#8220;VoiceIt: rafforzare la voce delle persone LGBTQI+ in politica&#8220;, finanziato dal programma Rights, Equality and Citizenship (REC) dell\u2019Unione Europea. All\u2019evento hanno partecipato 200 persone ed \u00e8 stato moderato da&nbsp;Harris Ioannou, caporedattore del<\/p>\n","protected":false},"author":1,"featured_media":8840,"comment_status":"closed","ping_status":"closed","sticky":false,"template":"","format":"standard","meta":{"footnotes":""},"categories":[178,177],"tags":[],"class_list":["post-8838","post","type-post","status-publish","format-standard","has-post-thumbnail","hentry","category-in-primo-piano","category-lgbti"],"_links":{"self":[{"href":"https:\/\/www.anzianienonsolo.it\/online\/wp-json\/wp\/v2\/posts\/8838"}],"collection":[{"href":"https:\/\/www.anzianienonsolo.it\/online\/wp-json\/wp\/v2\/posts"}],"about":[{"href":"https:\/\/www.anzianienonsolo.it\/online\/wp-json\/wp\/v2\/types\/post"}],"author":[{"embeddable":true,"href":"https:\/\/www.anzianienonsolo.it\/online\/wp-json\/wp\/v2\/users\/1"}],"replies":[{"embeddable":true,"href":"https:\/\/www.anzianienonsolo.it\/online\/wp-json\/wp\/v2\/comments?post=8838"}],"version-history":[{"count":3,"href":"https:\/\/www.anzianienonsolo.it\/online\/wp-json\/wp\/v2\/posts\/8838\/revisions"}],"predecessor-version":[{"id":8844,"href":"https:\/\/www.anzianienonsolo.it\/online\/wp-json\/wp\/v2\/posts\/8838\/revisions\/8844"}],"wp:featuredmedia":[{"embeddable":true,"href":"https:\/\/www.anzianienonsolo.it\/online\/wp-json\/wp\/v2\/media\/8840"}],"wp:attachment":[{"href":"https:\/\/www.anzianienonsolo.it\/online\/wp-json\/wp\/v2\/media?parent=8838"}],"wp:term":[{"taxonomy":"category","embeddable":true,"href":"https:\/\/www.anzianienonsolo.it\/online\/wp-json\/wp\/v2\/categories?post=8838"},{"taxonomy":"post_tag","embeddable":true,"href":"https:\/\/www.anzianienonsolo.it\/online\/wp-json\/wp\/v2\/tags?post=8838"}],"curies":[{"name":"wp","href":"https:\/\/api.w.org\/{rel}","templated":true}]}}