{"id":8652,"date":"2021-08-25T15:46:44","date_gmt":"2021-08-25T13:46:44","guid":{"rendered":"https:\/\/www.anzianienonsolo.it\/online\/?p=8652"},"modified":"2021-08-25T15:53:09","modified_gmt":"2021-08-25T13:53:09","slug":"pnrr-e-non-autosufficienza-perche-non-basta-dire-che-i-vecchi-stanno-bene-a-casa-loro","status":"publish","type":"post","link":"https:\/\/www.anzianienonsolo.it\/online\/pnrr-e-non-autosufficienza-perche-non-basta-dire-che-i-vecchi-stanno-bene-a-casa-loro\/","title":{"rendered":"PNRR e non autosufficienza: perch\u00e9 non basta dire che &#8220;i vecchi stanno bene a casa loro&#8221;"},"content":{"rendered":"\n<p>Il nostro Paese vive&nbsp;<strong>un grave ritardo strutturale sia sul versante dei servizi per la non autosufficienza, in particolare per la domiciliarit\u00e0, sia sul riconoscimento del ruolo cruciale svolto dalle e dai caregiver informali nell\u2019assistenza a lungo termine a persone care disabili o non autosufficienti.<\/strong><\/p>\n\n\n\n<p>A fianco di un<strong>&nbsp;necessario riconoscimento giuridico del ruolo di caregiver familiare&nbsp;<\/strong>come componente di un nuovo assetto di welfare e portatore di specifici diritti,&nbsp;<strong>il PNRR \u00e8 una opportunit\u00e0 storica per effettuare gli investimenti materiali ed immateriali necessari a sostenere una nuova domiciliarit\u00e0.&nbsp;<\/strong>Una domiciliarit\u00e0 in grado di rispondere alle esigenze della persona che necessita di assistenza e nel contempo di chi come caregiver, nel contesto domiciliare, offre supporto alla vita quotidiana con un pesante impatto sulle proprie aspettative personali, di lavoro, di relazioni. Il riconoscimento che \u00e8 stato dato nel \u201cNext Generation EU\u201d e successivamente nel PNRR alle tematiche dell\u2019inclusione come condizione per uno sviluppo sostenibile, ha acceso una serie di considerazioni e proposte di impiego delle risorse da parte di organizzazioni no profit, ricercatori e soggetti del terzo settore.&nbsp;<a rel=\"noreferrer noopener\" href=\"http:\/\/www.vita.it\/it\/article\/2021\/05\/27\/il-ministro-orlando-firma-il-decreto-di-nomina-per-il-gruppo-sulla-non\/159501\/\" target=\"_blank\">Contestualmente diversi Ministeri hanno promosso l\u2019attivazione di \u201ctavoli\u201d costituiti da gruppi di esperti.<\/a>&nbsp;In questo quadro qui si esprimono, nella maggior sintesi possibile, alcune considerazioni frutto di esperienze sul campo, di ascolto costante dei bisogni e di confronto con caregiver familiari, operatori, istituzioni, nonch\u00e9 con partner operanti in altri paesi europei.<\/p>\n\n\n\n<p><\/p>\n\n\n\n<p><em>Lalla Golfarelli e Loredana Ligabue (CARER APS)<\/em><\/p>\n\n\n\n<p><em>Federico Boccaletti (ANZIANI E NON SOLO scs)<\/em><\/p>\n\n\n\n<p><strong>Leggi l&#8217;articolo completo su: <a href=\"http:\/\/www.vita.it\/it\/article\/2021\/08\/24\/pnrr-e-non-autosufficienza-perche-non-basta-dire-che-i-vecchi-stanno-b\/160238\/\" target=\"_blank\" rel=\"noreferrer noopener\">http:\/\/www.vita.it\/it\/article\/2021\/08\/24\/pnrr-e-non-autosufficienza-perche-non-basta-dire-che-i-vecchi-stanno-b\/160238\/<\/a><\/strong><\/p>\n","protected":false},"excerpt":{"rendered":"<p>Il nostro Paese vive&nbsp;un grave ritardo strutturale sia sul versante dei servizi per la non autosufficienza, in particolare per la domiciliarit\u00e0, sia sul riconoscimento del ruolo cruciale svolto dalle e dai caregiver informali nell\u2019assistenza a lungo termine a persone care disabili o non autosufficienti. A fianco di un&nbsp;necessario riconoscimento giuridico del ruolo di caregiver familiare&nbsp;come<\/p>\n","protected":false},"author":1,"featured_media":7742,"comment_status":"closed","ping_status":"closed","sticky":false,"template":"","format":"standard","meta":{"footnotes":""},"categories":[178,118],"tags":[],"class_list":["post-8652","post","type-post","status-publish","format-standard","has-post-thumbnail","hentry","category-in-primo-piano","category-societa-dellinvecchiamento"],"_links":{"self":[{"href":"https:\/\/www.anzianienonsolo.it\/online\/wp-json\/wp\/v2\/posts\/8652"}],"collection":[{"href":"https:\/\/www.anzianienonsolo.it\/online\/wp-json\/wp\/v2\/posts"}],"about":[{"href":"https:\/\/www.anzianienonsolo.it\/online\/wp-json\/wp\/v2\/types\/post"}],"author":[{"embeddable":true,"href":"https:\/\/www.anzianienonsolo.it\/online\/wp-json\/wp\/v2\/users\/1"}],"replies":[{"embeddable":true,"href":"https:\/\/www.anzianienonsolo.it\/online\/wp-json\/wp\/v2\/comments?post=8652"}],"version-history":[{"count":4,"href":"https:\/\/www.anzianienonsolo.it\/online\/wp-json\/wp\/v2\/posts\/8652\/revisions"}],"predecessor-version":[{"id":8657,"href":"https:\/\/www.anzianienonsolo.it\/online\/wp-json\/wp\/v2\/posts\/8652\/revisions\/8657"}],"wp:featuredmedia":[{"embeddable":true,"href":"https:\/\/www.anzianienonsolo.it\/online\/wp-json\/wp\/v2\/media\/7742"}],"wp:attachment":[{"href":"https:\/\/www.anzianienonsolo.it\/online\/wp-json\/wp\/v2\/media?parent=8652"}],"wp:term":[{"taxonomy":"category","embeddable":true,"href":"https:\/\/www.anzianienonsolo.it\/online\/wp-json\/wp\/v2\/categories?post=8652"},{"taxonomy":"post_tag","embeddable":true,"href":"https:\/\/www.anzianienonsolo.it\/online\/wp-json\/wp\/v2\/tags?post=8652"}],"curies":[{"name":"wp","href":"https:\/\/api.w.org\/{rel}","templated":true}]}}