{"id":8605,"date":"2021-06-15T09:44:20","date_gmt":"2021-06-15T07:44:20","guid":{"rendered":"https:\/\/www.anzianienonsolo.it\/online\/?p=8605"},"modified":"2021-06-15T09:45:54","modified_gmt":"2021-06-15T07:45:54","slug":"15-giugno-2021-giornata-mondiale-della-consapevolezza-sullabuso-agli-anziani","status":"publish","type":"post","link":"https:\/\/www.anzianienonsolo.it\/online\/15-giugno-2021-giornata-mondiale-della-consapevolezza-sullabuso-agli-anziani\/","title":{"rendered":"15 giugno 2021 &#8211; Giornata mondiale della consapevolezza sull\u2019abuso agli anziani"},"content":{"rendered":"\n<p>L\u2019abuso sugli anziani \u00e8 un problema sociale che colpisce la salute ei diritti umani di un numero enorme di persone anziane in tutto il mondo e un evento che merita l\u2019attenzione dell\u2019intera comunit\u00e0 internazionale.<\/p>\n\n\n\n<figure class=\"wp-block-table\"><table><tbody><tr><td>Oggi si celebra la Giornata Mondiale della Consapevolezza sull\u2019Abuso agli Anziani, nata per aumentare l\u2019attenzione pubblica su questo fenomeno e sulla sofferenza inflitta alla componente pi\u00f9 vulnerabile della nostra comunit\u00e0, cos\u00ec come la pandemia ci ha tristemente dimostrato. Il virus infatti non ha solo minacciato le vite delle persone pi\u00f9 anziane, ma ha anche colpito le loro reti sociali, il loro accesso ai servizi sanitari, il loro lavoro e il loro benessere.<br><\/td><\/tr><\/tbody><\/table><\/figure>\n\n\n\n<p><strong>Quello degli abusi verso le persone anziane \u00e8 un fenomeno globale che, per essere contrastato, necessita soprattutto di identificazione precoce.&nbsp;<\/strong><\/p>\n\n\n\n<p>Una delle modalit\u00e0 pi\u00f9 efficaci per raggiungere questo obiettivo \u00e8 l\u2019adozione di strumenti di screening in ambito socio-sanitario, tuttavia in tutta l\u2019Unione Europeo se ne fa ancora un uso molto limitato. &nbsp;<\/p>\n\n\n\n<p>Proprio per promuovere il ricorso allo screening nasce il progetto Erasmus+ Save che riunisce 6 organizzazioni provenienti da 5 diversi paesi europei (Polonia, Italia, Finlandia, Portogallo e Cipro). Il partenariato intente contribuire a:&nbsp;<\/p>\n\n\n\n<p>\u2022 aumentare la conoscenza degli strumenti di screening e la loro idoneit\u00e0 nell\u2019identificazione della violenza contro le persone anziane nei servizi socio-sanitari&nbsp; (<strong><a href=\"https:\/\/www.projectsave.eu\/documents\/\">Scarica l\u2019estratto sulla analisi<\/a><\/strong>);<\/p>\n\n\n\n<p>\u2022 migliorare la capacit\u00e0 dei professionisti di identificare, contrastare e sostenere i casi di violenza contro le persone anziane, indirizzandoli \u2013 quando necessario &#8211; ai servizi competenti;<\/p>\n\n\n\n<p>\u2022 sviluppare le competenze dei formatori affinch\u00e9 possano insegnare agli operatori come affrontare la violenza contro le persone anziane.<\/p>\n\n\n\n<p>In particolare, il progetto realizzer\u00e0 un programma di formazione da realizzare sia in modalit\u00e0 tradizionale che e-learning, per diffondere conoscenze sugli strumenti di screening disponibili, sul loro utilizzo e su come intervenire nel caso in cui l\u2019intervista faccia sospettare la presenza di abusi.&nbsp;<\/p>\n\n\n\n<p>I partner del progetto Save vogliono celebrare questa giornata, invitando tutta la comunit\u00e0 a non voltare lo sguardo davanti ad un sospetto di abuso e ad agire insieme per contrastare questo fenomeno.&nbsp;<\/p>\n\n\n\n<p>Per saperne di pi\u00f9 sul progetto: <a href=\"https:\/\/www.projectsave.eu\" target=\"_blank\" rel=\"noreferrer noopener\">https:\/\/www.projectsave.eu<\/a>&nbsp;<\/p>\n\n\n\n<p>#WEAAD2021 #RightsDoNotGetOld #elderabuse #saveeuproject\u00a0<\/p>\n\n\n\n<p><br><a href=\"https:\/\/www.projectsave.eu\/download\/322\/\">Scarica questo comunicato stampa in formato pdf<\/a><\/p>\n","protected":false},"excerpt":{"rendered":"<p>Il progetto SAVE VEDE 5 paesi europei INSIEME per affrontare il fenomeno attraverso l\u2019adozione di un programma di screening NEL SETTORE sanitario e sociale<\/p>\n","protected":false},"author":1,"featured_media":8606,"comment_status":"closed","ping_status":"closed","sticky":false,"template":"","format":"standard","meta":{"footnotes":""},"categories":[178,115,118],"tags":[],"class_list":["post-8605","post","type-post","status-publish","format-standard","has-post-thumbnail","hentry","category-in-primo-piano","category-pre-viol-ab","category-societa-dellinvecchiamento"],"_links":{"self":[{"href":"https:\/\/www.anzianienonsolo.it\/online\/wp-json\/wp\/v2\/posts\/8605"}],"collection":[{"href":"https:\/\/www.anzianienonsolo.it\/online\/wp-json\/wp\/v2\/posts"}],"about":[{"href":"https:\/\/www.anzianienonsolo.it\/online\/wp-json\/wp\/v2\/types\/post"}],"author":[{"embeddable":true,"href":"https:\/\/www.anzianienonsolo.it\/online\/wp-json\/wp\/v2\/users\/1"}],"replies":[{"embeddable":true,"href":"https:\/\/www.anzianienonsolo.it\/online\/wp-json\/wp\/v2\/comments?post=8605"}],"version-history":[{"count":2,"href":"https:\/\/www.anzianienonsolo.it\/online\/wp-json\/wp\/v2\/posts\/8605\/revisions"}],"predecessor-version":[{"id":8608,"href":"https:\/\/www.anzianienonsolo.it\/online\/wp-json\/wp\/v2\/posts\/8605\/revisions\/8608"}],"wp:featuredmedia":[{"embeddable":true,"href":"https:\/\/www.anzianienonsolo.it\/online\/wp-json\/wp\/v2\/media\/8606"}],"wp:attachment":[{"href":"https:\/\/www.anzianienonsolo.it\/online\/wp-json\/wp\/v2\/media?parent=8605"}],"wp:term":[{"taxonomy":"category","embeddable":true,"href":"https:\/\/www.anzianienonsolo.it\/online\/wp-json\/wp\/v2\/categories?post=8605"},{"taxonomy":"post_tag","embeddable":true,"href":"https:\/\/www.anzianienonsolo.it\/online\/wp-json\/wp\/v2\/tags?post=8605"}],"curies":[{"name":"wp","href":"https:\/\/api.w.org\/{rel}","templated":true}]}}