{"id":8585,"date":"2021-06-03T18:58:27","date_gmt":"2021-06-03T16:58:27","guid":{"rendered":"https:\/\/www.anzianienonsolo.it\/online\/?p=8585"},"modified":"2021-06-03T18:58:30","modified_gmt":"2021-06-03T16:58:30","slug":"il-video-documentario-stay-safe-sulla-violenza-sessuale-contro-le-donne-con-disabilita-psicosociali","status":"publish","type":"post","link":"https:\/\/www.anzianienonsolo.it\/online\/il-video-documentario-stay-safe-sulla-violenza-sessuale-contro-le-donne-con-disabilita-psicosociali\/","title":{"rendered":"Il video documentario Stay Safe sulla violenza sessuale contro le donne con disabilit\u00e0 psicosociali"},"content":{"rendered":"\n<p>Come donna con uno spettro di disabilit\u00e0, perch\u00e9 pensi che sia importante parlare della violenza di genere contro tutte le donne, incluse quelle con disabilit\u00e0?<\/p>\n\n\n\n<p>Come professionista o caregiver che lavora nel campo della disabilit\u00e0, quale messaggio vuoi condividere con i tuoi colleghi e con il pubblico?<\/p>\n\n\n\n<p>A queste due domande hanno risposto 4 donne e 7 professionisti provenienti da Italia, Portogallo, Lituania, Grecia, Spagna e Belgio. Il documentario mira a sensibilizzare sul fenomeno della violenza sessuale contro le donne con disabilit\u00e0 psicosociali, un tema ancora poco conosciuto dal pubblico.<\/p>\n\n\n\n<p>Per fare questo, il partenariato del progetto Stay Safe ha deciso di dare voce &#8211; letteralmente &#8211; alle donne, ai professionisti e ai caregiver che condividono con loro la loro quotidianit\u00e0 e gli ostacoli che devono affrontare. Solo parlando di questo tema e coinvolgendo le donne con disabilit\u00e0 nel dialogo si possono abbattere le barriere di pregiudizio e discriminazione che alimentano la violenza.<\/p>\n\n\n\n<figure class=\"wp-block-embed is-type-video is-provider-vimeo wp-block-embed-vimeo wp-embed-aspect-16-9 wp-has-aspect-ratio\"><div class=\"wp-block-embed__wrapper\">\n<iframe title=\"Stay Safe Video IT\" src=\"https:\/\/player.vimeo.com\/video\/556811187?dnt=1&amp;app_id=122963\" width=\"1120\" height=\"630\" frameborder=\"0\" allow=\"autoplay; fullscreen; picture-in-picture\" allowfullscreen><\/iframe>\n<\/div><figcaption>Clicca su CC per attivare i sottotitoli<\/figcaption><\/figure>\n","protected":false},"excerpt":{"rendered":"<p>Come donna con uno spettro di disabilit\u00e0, perch\u00e9 pensi che sia importante parlare della violenza di genere contro tutte le donne, incluse quelle con disabilit\u00e0? Come professionista o caregiver che lavora nel campo della disabilit\u00e0, quale messaggio vuoi condividere con i tuoi colleghi e con il pubblico? A queste due domande hanno risposto 4 donne<\/p>\n","protected":false},"author":1,"featured_media":8586,"comment_status":"closed","ping_status":"closed","sticky":false,"template":"","format":"standard","meta":{"footnotes":""},"categories":[178,115],"tags":[],"class_list":["post-8585","post","type-post","status-publish","format-standard","has-post-thumbnail","hentry","category-in-primo-piano","category-pre-viol-ab"],"_links":{"self":[{"href":"https:\/\/www.anzianienonsolo.it\/online\/wp-json\/wp\/v2\/posts\/8585"}],"collection":[{"href":"https:\/\/www.anzianienonsolo.it\/online\/wp-json\/wp\/v2\/posts"}],"about":[{"href":"https:\/\/www.anzianienonsolo.it\/online\/wp-json\/wp\/v2\/types\/post"}],"author":[{"embeddable":true,"href":"https:\/\/www.anzianienonsolo.it\/online\/wp-json\/wp\/v2\/users\/1"}],"replies":[{"embeddable":true,"href":"https:\/\/www.anzianienonsolo.it\/online\/wp-json\/wp\/v2\/comments?post=8585"}],"version-history":[{"count":1,"href":"https:\/\/www.anzianienonsolo.it\/online\/wp-json\/wp\/v2\/posts\/8585\/revisions"}],"predecessor-version":[{"id":8587,"href":"https:\/\/www.anzianienonsolo.it\/online\/wp-json\/wp\/v2\/posts\/8585\/revisions\/8587"}],"wp:featuredmedia":[{"embeddable":true,"href":"https:\/\/www.anzianienonsolo.it\/online\/wp-json\/wp\/v2\/media\/8586"}],"wp:attachment":[{"href":"https:\/\/www.anzianienonsolo.it\/online\/wp-json\/wp\/v2\/media?parent=8585"}],"wp:term":[{"taxonomy":"category","embeddable":true,"href":"https:\/\/www.anzianienonsolo.it\/online\/wp-json\/wp\/v2\/categories?post=8585"},{"taxonomy":"post_tag","embeddable":true,"href":"https:\/\/www.anzianienonsolo.it\/online\/wp-json\/wp\/v2\/tags?post=8585"}],"curies":[{"name":"wp","href":"https:\/\/api.w.org\/{rel}","templated":true}]}}