{"id":8582,"date":"2021-05-27T17:43:52","date_gmt":"2021-05-27T15:43:52","guid":{"rendered":"https:\/\/www.anzianienonsolo.it\/online\/?p=8582"},"modified":"2021-05-27T17:43:54","modified_gmt":"2021-05-27T15:43:54","slug":"un-piano-marshall-per-le-competenze-di-cura-risposta-per-i-diritti-dei-migranti","status":"publish","type":"post","link":"https:\/\/www.anzianienonsolo.it\/online\/un-piano-marshall-per-le-competenze-di-cura-risposta-per-i-diritti-dei-migranti\/","title":{"rendered":"UN PIANO MARSHALL PER LE COMPETENZE DI CURA: RISPOSTA PER I DIRITTI DEI MIGRANTI"},"content":{"rendered":"\n<p>Il 20 maggio 2021si \u00e8 tenuto, nel quadro del Progetto Fami MAX, il convegno: IL LAVORO MIGRANTE TRA INTEGRAZIONE CAMBIAMENTO E DIRITTI.<\/p>\n\n\n\n<p>Importanti contributi al convegno sono venuti dall\u2019Onorevole Laura Boldrini residente del Comitato per i diritti umani della Camera dei Deputati, da Giovanni Di dio del Ministero del Lavoro ed Enrico Di Pasquale della Fondazione Moressa, insieme ad altri contributi di esperienze e di campo.<\/p>\n\n\n\n<p>Federico Boccaletti, Vicepresidente della Cooperativa sociale \u201cANZIANI E NON SOLO\u201d, chiamato nel Convegno sulle tematiche relative alla valorizzazione del lavoro di cura dei migranti ha affermato:&nbsp;<\/p>\n\n\n\n<p><em>\u201cPremettendo che sono convinto che il diritto a cercare la felicit\u00e0 anche muovendosi da dove si \u00e8 nati sia un diritto umano universale e che cercare di fermare l\u2019immigrazione sia come voler svuotare il mare con un secchiello: impossibile e stupido&nbsp;<\/em><\/p>\n\n\n\n<p><em>Se impiegassimo le risorse (che vanamente buttiamo per provare a respingere per accogliere, includere e dare valore) faremmo un favore in primo luogo agli italiani e agli europei.<\/em><\/p>\n\n\n\n<p><em>La favola che i migranti \u201cruberebbero il lavoro, vede nella cura la smentita pi\u00f9 plateale. La longevit\u00e0 e la cronicit\u00e0 fragile che si accompagna richiede un esercito della cura finch\u00e8 non decideremo insieme di rivoluzionare il modello di riproduzione sociale nel lavoro ridistribuendo i carichi di cura.<\/em><\/p>\n\n\n\n<p><em>E\u2019 una sciocchezza anche l\u2019idea che selezioneremo i migranti in base alle competenze cosiddette&nbsp;<\/em>alte&nbsp;<em>che ci porterebbero (a parte l\u2019intrinseca immoralit\u00e0.) Sfido chiunque a sostenere la tesi che assistere un anziano non auto sufficiente in un domicilio inadatto con reti sociali flebili e servizi rarefatti sia un lavoro che richiede competenze basse. Quindi si tratta di attrarre e valorizzare competenze in grado di rispondere a bisogni complessi in evoluzione.<\/em><\/p>\n\n\n\n<p><em>Ma perch\u00e9 sia riconosciuto nel suo valore e quindi per dare sostegno ai diritti dei migranti impegnati nella cura si devono attivare tre leve e fare una scommessa.<\/em><\/p>\n\n\n\n<ol class=\"wp-block-list\" type=\"1\"><li><em>Pu\u00f2 sembrare paradossale ma per dare spazio a una buona offerta si deve lavorare sulla domanda, cio\u00e8 sulle competenze caregiver familiari mettendoli in grado di sapere a che bisogni deve rispondere il lavoro che pagano.Poi assicurare luoghi sicuri di incrocio domanda offerta. Un mercato del lavoro libero da pregiudizi, ricatti e scorciatoie<\/em><\/li><li><em>Fare la formazione giusta. La domanda \u00e8 enorme e concreta pulsante. Ma la risposta deve essere nuova accessibile replicabile. Una Dad efficace. Per esempio il percorso formativo MINGLE (premio europeo dei migliori prodotti formativi linguistici) che insegna- la lingua del lavoro, non l\u2019ortografia e sintassi Poi il riconoscimento della miniera di competenze di esperienza, unito ad approfondimenti tecnici e aggiornamenti continui.<\/em><\/li><li><em>Lavorare sull\u2019inclusione delle relazioni familiari del migrante per la sua stabilit\u00e0 comunitaria. Il caregiver immigrato va ascoltato e compreso nelle sue identit\u00e0 nell\u2019idea di cura e di disabilit\u00e0 il mediatore non deve essere linguistico ma socio culturale.<\/em><\/li><\/ol>\n\n\n\n<p><em>E infine la scommessa. Un piano MARSHALL DELLA CURA non compreso nel PNRR integrato ad un periodo di servizio civile di cura (sul modello canadese) aperto anche ai giovani indigeni come viatico al permesso di soggiorno, non come lavori forzati temporanei ma come grande laboratorio di formazione e sviluppo del buon\u201d&nbsp;&nbsp;prendersi cura\u201d. L\u2019et\u00e0 della cura richiede immaginazione, uscire dagli schemi e coraggio.<\/em><\/p>\n\n\n\n<p><em>Lo dico come antico cooperatore non pentito: spero che le cooperative ritrovino in questa sfida la funzione per cui sono nate \u201c<\/em><\/p>\n","protected":false},"excerpt":{"rendered":"<p>Il 20 maggio 2021si \u00e8 tenuto, nel quadro del Progetto Fami MAX, il convegno: IL LAVORO MIGRANTE TRA INTEGRAZIONE CAMBIAMENTO E DIRITTI.<br \/>\nImportanti contributi al convegno sono venuti dall\u2019Onorevole Laura Boldrini residente del Comitato per i diritti umani della Camera dei Deputati, da Giovanni Di dio del Ministero del Lavoro ed Enrico Di Pasquale della Fondazione Moressa, insieme ad altri contributi di esperienze e di campo.<\/p>\n","protected":false},"author":1,"featured_media":7291,"comment_status":"closed","ping_status":"closed","sticky":false,"template":"","format":"standard","meta":{"footnotes":""},"categories":[114,178,122],"tags":[],"class_list":["post-8582","post","type-post","status-publish","format-standard","has-post-thumbnail","hentry","category-assistenti-familiari","category-in-primo-piano","category-silo"],"_links":{"self":[{"href":"https:\/\/www.anzianienonsolo.it\/online\/wp-json\/wp\/v2\/posts\/8582"}],"collection":[{"href":"https:\/\/www.anzianienonsolo.it\/online\/wp-json\/wp\/v2\/posts"}],"about":[{"href":"https:\/\/www.anzianienonsolo.it\/online\/wp-json\/wp\/v2\/types\/post"}],"author":[{"embeddable":true,"href":"https:\/\/www.anzianienonsolo.it\/online\/wp-json\/wp\/v2\/users\/1"}],"replies":[{"embeddable":true,"href":"https:\/\/www.anzianienonsolo.it\/online\/wp-json\/wp\/v2\/comments?post=8582"}],"version-history":[{"count":1,"href":"https:\/\/www.anzianienonsolo.it\/online\/wp-json\/wp\/v2\/posts\/8582\/revisions"}],"predecessor-version":[{"id":8583,"href":"https:\/\/www.anzianienonsolo.it\/online\/wp-json\/wp\/v2\/posts\/8582\/revisions\/8583"}],"wp:featuredmedia":[{"embeddable":true,"href":"https:\/\/www.anzianienonsolo.it\/online\/wp-json\/wp\/v2\/media\/7291"}],"wp:attachment":[{"href":"https:\/\/www.anzianienonsolo.it\/online\/wp-json\/wp\/v2\/media?parent=8582"}],"wp:term":[{"taxonomy":"category","embeddable":true,"href":"https:\/\/www.anzianienonsolo.it\/online\/wp-json\/wp\/v2\/categories?post=8582"},{"taxonomy":"post_tag","embeddable":true,"href":"https:\/\/www.anzianienonsolo.it\/online\/wp-json\/wp\/v2\/tags?post=8582"}],"curies":[{"name":"wp","href":"https:\/\/api.w.org\/{rel}","templated":true}]}}