{"id":8560,"date":"2021-05-18T18:25:31","date_gmt":"2021-05-18T16:25:31","guid":{"rendered":"https:\/\/www.anzianienonsolo.it\/online\/?p=8560"},"modified":"2021-05-18T18:25:48","modified_gmt":"2021-05-18T16:25:48","slug":"caregiver-day-21-maggio-2021-gli-impatti-della-cura-sulla-salute-del-caregiver","status":"publish","type":"post","link":"https:\/\/www.anzianienonsolo.it\/online\/caregiver-day-21-maggio-2021-gli-impatti-della-cura-sulla-salute-del-caregiver\/","title":{"rendered":"Caregiver Day, 21 maggio 2021 &#8211; Gli impatti della cura sulla salute del caregiver"},"content":{"rendered":"\n<p class=\"has-text-align-center\"><strong><br>Venerd\u00ec 21 Maggio ore 15,00\/17,00<br>GLI IMPATTI DELLA CURA SULLA SALUTE EMOTIVA E FISICA DEL CAREGIVER: QUALI INTERVENTI DI SOSTEGNO E PREVENZIONE<\/strong><\/p>\n\n\n\n<p><br>La situazione di emergenza determinata da Covid 19 ha impattato e impatta su tutta la popolazione e le famiglie, ma i suoi effetti sono particolarmente rilevanti ove sono presenti condizioni di fragilit\u00e0, disabilit\u00e0, non autosufficienza e ove l\u2019assistenza \u00e8 pesantemente a carico del caregiver<br>familiare.<br>In tali contesti la fatica e lo stress del caregiver, gi\u00e0 strutturalmente presenti, sono sempre pi\u00f9 evidenti per l\u2019ansia e il timore connessi al venir meno di servizi di assistenza, per la paura di ammalarsi di Covid 19 e non poter dare supporto al proprio caro.<\/p>\n\n\n\n<p><br>Il caregiver, ora pi\u00f9 che mai, deve essere sostenuto come risorsa chiave del sistema di welfare, ha necessit\u00e0 di un rapido intervento di supporto che lo valorizzi e sostenga come partner di cura. Di questo parleremo nel webinar che, nell\u2019ambito dell\u2019undicesima edizione del Caregiver Day, si terr\u00e0 venerd\u00ec 21 maggio dalle ore 15 alle ore 17.<br>L\u2019incontro, moderato da Loredana Ligabue (Responsabile Care -Anziani e non solo scs) sar\u00e0 aperto dall\u2019intervento di Marco Socci (Ricercatore presso il Centro Studi e Ricerche Economico- Sociali per l\u2019Invecchiamento, IRCCS INRCA) che illustrer\u00e0 i risultati di una ricerca -promossa da Eurocarers e svolta in collaborazione con l\u2019IRCCS INRCA- sull\u2019impatto del Covid-19 sui caregiver informali in Europa.<br><br>Seguir\u00e0 uno specifico approfondimento sul carico assistenziale e stress del caregiver di Silvana Grandi (Professore Ordinario di Psicologia clinica, Responsabile Laboratorio di Psicosomatica e Clinimetria e Servizio per i Trapianti d\u2019organo di Psicologia Clinica e Psicosomatica della Universit\u00e0 Alma Mater Studiorum -Dipartimento di Psicologia).<br>Dai contributi di ricerca e analisi si passer\u00e0, con l\u2019intervento di Kyriakoula Licia Petropulacos (Direttore Cura della persona, Salute e Welfare, Regione Emilia-Romagna) a quali politiche di intervento per tutelare la salute del caregiver familiare.<br>Dalle politiche regionali si passa poi alla loro declinazione in ambito provinciale e distrettuale. Federica Rolli (Direttore socio-sanitario- AUSL di Modena) illustrer\u00e0 il Piano di intervento a sostegno del Caregiver familiare nel contesto dell\u2019AUSL di Modena. Sabrina Tellini (Responsabile Area Fragili \u2013 Unione Terre d\u2019Argine) illustrer\u00e0 le azioni a supporto del Caregiver nell\u2019esperienza del Distretto e dell\u2019Unione delle Terre d\u2019Argine.<\/p>\n\n\n\n<p>Gli eventi del Caregiver Day sono realizzati dalla cooperativa sociale Anziani e Non Solo, sostenuti dall\u2019Unione dei Comuni delle Terre d\u2019Argine, patrocinati dalla Regione Emilia Romagna, da CARER APS- Associazione dei Caregiver Familiari dell\u2019Emilia Romagna-e dall\u2019AUSL di Modena.<\/p>\n\n\n\n<p><br>La partecipazione, previa iscrizione, \u00e8 gratuita.<br>Per informazioni ed iscrizioni:<br>tel. 059 645421; E-mail :info@anzianienonsolo.it<\/p>\n\n\n\n<p><a href=\"http:\/\/www.caregiverday.it\" data-type=\"URL\" data-id=\"www.caregiverday.it\">www.caregiverday.it<\/a><\/p>\n","protected":false},"excerpt":{"rendered":"<p>Venerd\u00ec 21 Maggio ore 15,00\/17,00GLI IMPATTI DELLA CURA SULLA SALUTE EMOTIVA E FISICA DEL CAREGIVER: QUALI INTERVENTI DI SOSTEGNO E PREVENZIONE La situazione di emergenza determinata da Covid 19 ha impattato e impatta su tutta la popolazione e le famiglie, ma i suoi effetti sono particolarmente rilevanti ove sono presenti condizioni di fragilit\u00e0, disabilit\u00e0, non<\/p>\n","protected":false},"author":1,"featured_media":7314,"comment_status":"closed","ping_status":"closed","sticky":false,"template":"","format":"standard","meta":{"footnotes":""},"categories":[116,178],"tags":[],"class_list":["post-8560","post","type-post","status-publish","format-standard","has-post-thumbnail","hentry","category-carfam","category-in-primo-piano"],"_links":{"self":[{"href":"https:\/\/www.anzianienonsolo.it\/online\/wp-json\/wp\/v2\/posts\/8560"}],"collection":[{"href":"https:\/\/www.anzianienonsolo.it\/online\/wp-json\/wp\/v2\/posts"}],"about":[{"href":"https:\/\/www.anzianienonsolo.it\/online\/wp-json\/wp\/v2\/types\/post"}],"author":[{"embeddable":true,"href":"https:\/\/www.anzianienonsolo.it\/online\/wp-json\/wp\/v2\/users\/1"}],"replies":[{"embeddable":true,"href":"https:\/\/www.anzianienonsolo.it\/online\/wp-json\/wp\/v2\/comments?post=8560"}],"version-history":[{"count":3,"href":"https:\/\/www.anzianienonsolo.it\/online\/wp-json\/wp\/v2\/posts\/8560\/revisions"}],"predecessor-version":[{"id":8563,"href":"https:\/\/www.anzianienonsolo.it\/online\/wp-json\/wp\/v2\/posts\/8560\/revisions\/8563"}],"wp:featuredmedia":[{"embeddable":true,"href":"https:\/\/www.anzianienonsolo.it\/online\/wp-json\/wp\/v2\/media\/7314"}],"wp:attachment":[{"href":"https:\/\/www.anzianienonsolo.it\/online\/wp-json\/wp\/v2\/media?parent=8560"}],"wp:term":[{"taxonomy":"category","embeddable":true,"href":"https:\/\/www.anzianienonsolo.it\/online\/wp-json\/wp\/v2\/categories?post=8560"},{"taxonomy":"post_tag","embeddable":true,"href":"https:\/\/www.anzianienonsolo.it\/online\/wp-json\/wp\/v2\/tags?post=8560"}],"curies":[{"name":"wp","href":"https:\/\/api.w.org\/{rel}","templated":true}]}}