{"id":8548,"date":"2021-05-11T12:14:40","date_gmt":"2021-05-11T10:14:40","guid":{"rendered":"https:\/\/www.anzianienonsolo.it\/online\/?p=8548"},"modified":"2021-05-11T12:15:47","modified_gmt":"2021-05-11T10:15:47","slug":"caregiver-day-seminario-del-14-maggio-su-covid-19-e-strutture-protette","status":"publish","type":"post","link":"https:\/\/www.anzianienonsolo.it\/online\/caregiver-day-seminario-del-14-maggio-su-covid-19-e-strutture-protette\/","title":{"rendered":"Caregiver Day: Seminario del 14 maggio su Covid-19 e strutture protette"},"content":{"rendered":"\n<p><strong>CAREGIVER DAY 2021<\/strong><strong>&nbsp;&#8211;&nbsp;<\/strong>UNDICESIMA EDIZIONE<\/p>\n\n\n\n<p><strong>Venerd\u00ec 14 Maggio ore 15,00\/17,00<\/strong><\/p>\n\n\n\n<p><a><strong>L\u2019IMPATTO SOCIALE DEL COVID-19 SULLE STRUTTURE PROTETTE: RIPENSARE I SERVIZI PER ANZIANI E CAREGIVER FAMILIARI<\/strong><\/a><\/p>\n\n\n\n<p>Il COVID 19 ha fortemente colpito la popolazione fragile e in particolare, gli anziani residenti in struttura ove, il contesto di vita comunitaria, ha favorito la rapida diffusione del contagio.&nbsp;<\/p>\n\n\n\n<p>Operatori, ospiti e familiari sono stati in prima linea nell\u2019affrontare un evento di portata storica come la pandemia e a subirne i pesanti impatti.&nbsp;<\/p>\n\n\n\n<p>\u00c8 tempo di riflettere rispetto a quanto vissuto, elaborarne le conseguenze e, anche alla luce di quanto previsto nell\u2019ambito delle missioni salute e inclusione sociale del Piano Nazionale di Ripresa e Resilienza recentemente approvato dal Parlamento, di ripensare i servizi per la popolazione anziana.&nbsp;&nbsp;Facendo specifica attenzione a innovare il modello organizzativo delle strutture residenziali, a potenziare i servizi a sostegno della domiciliarit\u00e0, a integrare le competenze e gli interventi dei servizi territoriali<\/p>\n\n\n\n<p>In tale ottica nel webinar \u201cL\u2019\u2019impatto sociale del covid-19 sulle strutture protette: ripensare i servizi per anziani e caregiver familiari\u201d (che -nell\u2019ambito della undicesima edizione del Caregiver Day- si terr\u00e0 venerd\u00ec 14 maggio dalle ore 15 alle ore 17 ) verr\u00e0 effettuata la presentazione della ricerca, realizzata da Francesca Corradini e Maria Luisa Raineri (Centro di Ricerca Relational Social Work dell\u2019Universit\u00e0 Cattolica del Sacro Cuore), sull\u2019impatto della pandemia nelle strutture per anziani espresso attraverso la narrazione di operatori, ospiti, familiari.<\/p>\n\n\n\n<p>Seguir\u00e0, per un confronto di merito, una tavola rotonda coordinata da Federico Boccaletti (Vicepresidente di Anziani e non solo scs) a cui parteciperanno: Filiberto Zecchini (Coordinatore Dipartimento Politiche Sociali -CISL Emilia Romagna), Fausto Viviani (Portavoce del Forum terzo settore Emilia Romagna), Lalla Golfarelli (Presidente -Associazione Caregiver Familiari Emilia Romagna), Fabia Franchi (Responsabile Servizio Assistenza territoriale Regione Emilia Romagna) e Alberto Bellelli (Responsabile Welfare ANCI Emilia Romagna).<\/p>\n\n\n\n<p><em>Gli eventi del Caregiver Day sono realizzati dalla cooperativa sociale Anziani e Non Solo, sostenuti dall\u2019Unione dei Comuni delle Terre d\u2019Argine, patrocinati dalla Regione Emilia Romagna, da CARER APS- Associazione dei Caregiver Familiari dell\u2019Emilia Romagna-e dall\u2019AUSL di Modena.<\/em><\/p>\n\n\n\n<p>La partecipazione, previa iscrizione, \u00e8 gratuita.<\/p>\n\n\n\n<p>Per informazioni ed iscrizioni:&nbsp;<\/p>\n\n\n\n<p>tel. 059 645421; E-mail :info@anzianienonsolo.it<\/p>\n\n\n\n<p><a href=\"http:\/\/www.caregiverday.it\/\">www.caregiverday.it<\/a>&nbsp;\u2013&nbsp;<a href=\"http:\/\/www.anzianienonsolo.it\/\">www.anzianienonsolo.it<\/a><em><\/em><\/p>\n","protected":false},"excerpt":{"rendered":"<p>CAREGIVER DAY 2021&nbsp;&#8211;&nbsp;UNDICESIMA EDIZIONE Venerd\u00ec 14 Maggio ore 15,00\/17,00 L\u2019IMPATTO SOCIALE DEL COVID-19 SULLE STRUTTURE PROTETTE: RIPENSARE I SERVIZI PER ANZIANI E CAREGIVER FAMILIARI Il COVID 19 ha fortemente colpito la popolazione fragile e in particolare, gli anziani residenti in struttura ove, il contesto di vita comunitaria, ha favorito la rapida diffusione del contagio.&nbsp; Operatori,<\/p>\n","protected":false},"author":1,"featured_media":8551,"comment_status":"closed","ping_status":"closed","sticky":false,"template":"","format":"standard","meta":{"footnotes":""},"categories":[116,178],"tags":[],"class_list":["post-8548","post","type-post","status-publish","format-standard","has-post-thumbnail","hentry","category-carfam","category-in-primo-piano"],"_links":{"self":[{"href":"https:\/\/www.anzianienonsolo.it\/online\/wp-json\/wp\/v2\/posts\/8548"}],"collection":[{"href":"https:\/\/www.anzianienonsolo.it\/online\/wp-json\/wp\/v2\/posts"}],"about":[{"href":"https:\/\/www.anzianienonsolo.it\/online\/wp-json\/wp\/v2\/types\/post"}],"author":[{"embeddable":true,"href":"https:\/\/www.anzianienonsolo.it\/online\/wp-json\/wp\/v2\/users\/1"}],"replies":[{"embeddable":true,"href":"https:\/\/www.anzianienonsolo.it\/online\/wp-json\/wp\/v2\/comments?post=8548"}],"version-history":[{"count":1,"href":"https:\/\/www.anzianienonsolo.it\/online\/wp-json\/wp\/v2\/posts\/8548\/revisions"}],"predecessor-version":[{"id":8550,"href":"https:\/\/www.anzianienonsolo.it\/online\/wp-json\/wp\/v2\/posts\/8548\/revisions\/8550"}],"wp:featuredmedia":[{"embeddable":true,"href":"https:\/\/www.anzianienonsolo.it\/online\/wp-json\/wp\/v2\/media\/8551"}],"wp:attachment":[{"href":"https:\/\/www.anzianienonsolo.it\/online\/wp-json\/wp\/v2\/media?parent=8548"}],"wp:term":[{"taxonomy":"category","embeddable":true,"href":"https:\/\/www.anzianienonsolo.it\/online\/wp-json\/wp\/v2\/categories?post=8548"},{"taxonomy":"post_tag","embeddable":true,"href":"https:\/\/www.anzianienonsolo.it\/online\/wp-json\/wp\/v2\/tags?post=8548"}],"curies":[{"name":"wp","href":"https:\/\/api.w.org\/{rel}","templated":true}]}}