{"id":8534,"date":"2021-04-27T17:23:43","date_gmt":"2021-04-27T15:23:43","guid":{"rendered":"https:\/\/www.anzianienonsolo.it\/online\/?p=8534"},"modified":"2021-04-27T17:24:41","modified_gmt":"2021-04-27T15:24:41","slug":"caregiver-day-2021-evento-di-apertura-il-7-maggio","status":"publish","type":"post","link":"https:\/\/www.anzianienonsolo.it\/online\/caregiver-day-2021-evento-di-apertura-il-7-maggio\/","title":{"rendered":"Caregiver Day 2021: evento di apertura il 7 maggio."},"content":{"rendered":"\n<p><strong>COMUNICATO STAMPA<\/strong><\/p>\n\n\n\n<p><strong>EVENTO DI APERTURA VENERDI\u2019 7 Maggio ore 15,00\/17,00 via piattaforma ZOOM<\/strong><\/p>\n\n\n\n<p><strong>LA STRADA DEL CAMBIAMENTO E DELLA RICOSTRUZIONE PASSA PER LA CURA<\/strong><\/p>\n\n\n\n<p><strong>Lezione magistrale della Prof.ssa Luigina Mortari<\/strong><\/p>\n\n\n\n<p>Inizia venerd\u00ec\u2019 7 maggio alle ore 15, su piattaforma ZOOM, l\u2019undicesima edizione delle Giornate del CAREGIVER DAY: a oltre un anno dall\u2019avvento della pandemia. Una pandemia che ha drammaticamente mostrato a tutti la centralit\u00e0 delle cure sanitarie e della cura (care).<\/p>\n\n\n\n<p>E la cura, nel nostro sistema di welfare, \u00e8 sostanzialmente sulle spalle di milioni di familiari, perlopi\u00f9 donne, che &#8211; con l\u2019avvento della malattia, della disabilit\u00e0- si trovano a dover modificare profondamente le loro aspettative di vita, di lavoro, di relazione e- per i piu\u2019 giovani-anche di studio.<\/p>\n\n\n\n<p>La cura, come sostiene Luigina Mortari \u201c\u00e8 una pratica che ha luogo in una relazione fra un caregiver e una persona che riceve cura, \u00e8 messa in moto dall\u2019interesse per l\u2019altro, dalla preoccupazione per la sua condizione e per il suo modo di essere, ed \u00e8 orientata dall\u2019intenzione di procurare benessere per l\u2019altro\u201d. E il bisogno di cura, nell\u2019essere umano, \u00e8 intrinseco alla sua condizione di fragilit\u00e0. Tutti, nel corso della propria esistenza, necessitano di cura. E quindi la cura non pu\u00f2 essere delegata a pochi e non \u00e8 possibile far ripartire il Paese senza disegnare una nuova organizzazione sanitaria, sociale ed economica in grado di rispondere ai bisogni di cura e di offrire a tutti pari opportunit\u00e0.<\/p>\n\n\n\n<p>Di questo parleremo con Luigina Mortari -D<a href=\"https:\/\/www.dsu.univr.it\/?ent=persona&amp;id=521&amp;lang=it\">irettrice<\/a>&nbsp;del&nbsp;Dipartimento di Scienze Umane e Professore Ordinario di Epistemologia della Ricerca Qualitativa presso la scuola di Medicina e di Filosofia della cura, Dipartimento di Scienze Umane dell\u2019Universit\u00e0 degli Studi di Verona -dopo un saluto introduttivo di Elly Schlein, Vicepresidente della Regione Emilia-Romagna.<\/p>\n\n\n\n<p>A condurre i lavori sar\u00e0 Licia Boccaletti, Presidente di Anziani e non solo-societ\u00e0 cooperativa sociale che \u2013 con il sostegno dell\u2019Unione Terre d\u2019Argine ed il patrocinio della Regione Emilia Romagna, di Carer-Associazione dei Caregiver Familiari dell\u2019Emilia Romagna e dell\u2019Azienda Sanitaria di Modena \u2013 promuove la rassegna del Caregiver Day.<\/p>\n\n\n\n<p><em>Tutti gli eventi della rassegna sono gratuiti previa iscrizione:<\/em><\/p>\n\n\n\n<p><em>Tel.059645421 E-mail: info@anzianienonsolo.it<\/em><\/p>\n\n\n\n<p><strong>Informazioni e programma completo su&nbsp;<\/strong><a href=\"http:\/\/www.caregiverday.it\/\" target=\"_blank\" rel=\"noreferrer noopener\"><strong>http:\/\/www.caregiverday.it<\/strong><\/a><strong><\/strong><\/p>\n","protected":false},"excerpt":{"rendered":"<p>COMUNICATO STAMPA EVENTO DI APERTURA VENERDI\u2019 7 Maggio ore 15,00\/17,00 via piattaforma ZOOM LA STRADA DEL CAMBIAMENTO E DELLA RICOSTRUZIONE PASSA PER LA CURA Lezione magistrale della Prof.ssa Luigina Mortari Inizia venerd\u00ec\u2019 7 maggio alle ore 15, su piattaforma ZOOM, l\u2019undicesima edizione delle Giornate del CAREGIVER DAY: a oltre un anno dall\u2019avvento della pandemia. Una<\/p>\n","protected":false},"author":1,"featured_media":8535,"comment_status":"closed","ping_status":"closed","sticky":false,"template":"","format":"standard","meta":{"footnotes":""},"categories":[116,178],"tags":[],"class_list":["post-8534","post","type-post","status-publish","format-standard","has-post-thumbnail","hentry","category-carfam","category-in-primo-piano"],"_links":{"self":[{"href":"https:\/\/www.anzianienonsolo.it\/online\/wp-json\/wp\/v2\/posts\/8534"}],"collection":[{"href":"https:\/\/www.anzianienonsolo.it\/online\/wp-json\/wp\/v2\/posts"}],"about":[{"href":"https:\/\/www.anzianienonsolo.it\/online\/wp-json\/wp\/v2\/types\/post"}],"author":[{"embeddable":true,"href":"https:\/\/www.anzianienonsolo.it\/online\/wp-json\/wp\/v2\/users\/1"}],"replies":[{"embeddable":true,"href":"https:\/\/www.anzianienonsolo.it\/online\/wp-json\/wp\/v2\/comments?post=8534"}],"version-history":[{"count":1,"href":"https:\/\/www.anzianienonsolo.it\/online\/wp-json\/wp\/v2\/posts\/8534\/revisions"}],"predecessor-version":[{"id":8536,"href":"https:\/\/www.anzianienonsolo.it\/online\/wp-json\/wp\/v2\/posts\/8534\/revisions\/8536"}],"wp:featuredmedia":[{"embeddable":true,"href":"https:\/\/www.anzianienonsolo.it\/online\/wp-json\/wp\/v2\/media\/8535"}],"wp:attachment":[{"href":"https:\/\/www.anzianienonsolo.it\/online\/wp-json\/wp\/v2\/media?parent=8534"}],"wp:term":[{"taxonomy":"category","embeddable":true,"href":"https:\/\/www.anzianienonsolo.it\/online\/wp-json\/wp\/v2\/categories?post=8534"},{"taxonomy":"post_tag","embeddable":true,"href":"https:\/\/www.anzianienonsolo.it\/online\/wp-json\/wp\/v2\/tags?post=8534"}],"curies":[{"name":"wp","href":"https:\/\/api.w.org\/{rel}","templated":true}]}}