{"id":8502,"date":"2021-04-14T12:03:42","date_gmt":"2021-04-14T10:03:42","guid":{"rendered":"https:\/\/www.anzianienonsolo.it\/online\/?p=8502"},"modified":"2021-04-14T12:03:45","modified_gmt":"2021-04-14T10:03:45","slug":"impatto-del-covid-19-sullesclusione-sociale-in-regione-liguria","status":"publish","type":"post","link":"https:\/\/www.anzianienonsolo.it\/online\/impatto-del-covid-19-sullesclusione-sociale-in-regione-liguria\/","title":{"rendered":"IMPATTO DEL COVID-19 SULL\u2019ESCLUSIONE SOCIALE IN REGIONE LIGURIA"},"content":{"rendered":"\n<p><em style=\"font-weight: bold;\">\u00a0<u>Marted\u00ec 13 aprile 2021<\/u>\u00a0sono stati presentati, in un incontro web, i risultati della ricerca effettuata nella Regione Liguria con la partecipazione di operatori sociali e sanitari dei Servizi del territorio, del Patronato e del volontariato<\/em><\/p>\n\n\n\n<p><strong><em>Sono intervenuti, fra gli altri : :<\/em><\/strong><\/p>\n\n\n\n<ul class=\"wp-block-list\"><li><strong><em>Jolanda Sandrone&nbsp;<\/em><\/strong><em><u>Vicepresidente ACLI LIGURIA<\/u><\/em><\/li><li><strong><em>Federico Boccaletti&nbsp;<\/em><\/strong><em><u>Vicepresidente ANZIANI E NON SOLO s.c.r.l.<\/u><\/em><\/li><\/ul>\n\n\n\n<p>Fra il febbraio \/marzo 2021 \u00e8 stata condotta una ricerca nell\u2019ambito del Progetto di ACLI LIGURIA\/ANZIANI E NON SOLO per la diffusione di metodologie innovative contro l\u2019esclusione sociale nel quadro del Progetto&nbsp;<strong>FAMI IntegrAzione<\/strong>&nbsp;della REGIONE LIGURIA.<\/p>\n\n\n\n<p>Il Covid \u201319 ha pesantemente impattato sui colloqui di orientamento ed empowerment effettuati dagli operatori dei servizi sociali con la metodologia&nbsp;<strong><em>\u201cRickter scale\u201d<\/em><\/strong>&nbsp;che si erano dimostrati efficaci contro l\u2019esclusione sociale durante le fasi di sperimentazione del Progetto.<\/p>\n\n\n\n<p>Si era pertanto deciso di raccogliere, fra fine febbraio e met\u00e0 marzo 2021 attraverso questionari anonimi, le opinioni e proposte degli operatori. Alla ricerca hanno partecipato&nbsp;<strong>&nbsp;operatori dei Servizi sociali e delle Acli<\/strong>&nbsp;operanti su tutti i territori regionali e impegnati nei diversi settori di inclusione sociali e socio-sanitarie<\/p>\n\n\n\n<p>In sintesi i principali risultati: in termini di<\/p>\n\n\n\n<p>&nbsp;<strong><u>Bisogni sociali di inclusione emergenti<\/u><\/strong>&nbsp;si possono individuare le linee comuni&nbsp;<\/p>\n\n\n\n<p>Mancanza di lavoro&nbsp;&nbsp;e mancanza di reddito sia economico che finanziario [vedi ritardi erogazione CIG]) e di mancanza di riconoscimento e dignit\u00e0 connessa.<\/p>\n\n\n\n<p>Mancanza di socialit\u00e0 e di relazione con effetti su isolamento. Equilibri psicologici,&nbsp;<\/p>\n\n\n\n<ul class=\"wp-block-list\"><li>Effetti sull\u2019incremento di richieste di prestazioni da parte anche di utenti pi\u00f9 \u201carrabbiati\u201d&nbsp;<\/li><li>Effetti disgregativi (vedi dispersione scolastica e problemi di apatia e depressione) causati dalla chiusura servizi&nbsp;<\/li><li>Limiti negli interventi sanitari, liste attesa e accesso a cure mediche&nbsp;<\/li><li>Crescente \u201cdigital divide\u201d con riferimento soprattutto agli anziani e nuovi poveri<\/li><\/ul>\n\n\n\n<p><strong><u>Gli effetti sui servizi<\/u><\/strong>&nbsp;di questi nuovi bisogni sono individuati in:<\/p>\n\n\n\n<p>Maggiori vincoli sono percepiti per la scarsa accessibilit\u00e0 ai servizi \u201cistituzionali\u201d. Seguiti dalla difficolt\u00e0 nel riscontrare il presidio fisico&nbsp;<\/p>\n\n\n\n<p>Mancanza di relazioni e la distanza produce difficolt\u00e0 di comunicazione, di riconoscibilit\u00e0 e di con effetto pi\u00f9 visibile sui pi\u00f9 \u201cfragili\u201d<\/p>\n\n\n\n<p>Lamentate le iniziative a volte sparse e non coordinate delle Istituzioni (regionali e locali), molte basate su \u201cbuona volont\u00e0\u201d dei soggetti&nbsp;&nbsp;<\/p>\n\n\n\n<p>Le riflessioni&nbsp;<strong>sulla&nbsp;<u>idoneit\u00e0 delle iniziative dei servizi stessi<\/u><\/strong>&nbsp;ad affrontare le crisi indotte dall\u2019emergenza vanno molto di pari passo con le risposte alle domande precedenti&nbsp;<\/p>\n\n\n\n<ul class=\"wp-block-list\"><li>Rischio di assistenzialismo e di interventi non mirati su bisogni diversificati&nbsp;<\/li><li>Rischi della mancanza di informazioni corrette sull\u2019accesso e sulle priorit\u00e0.&nbsp;<\/li><li>Rischi di una tecnologia escludente ma anche esigenza di investire su nuove forme di contatto e di relazione che utilizzi in modo efficace la rete&nbsp;<\/li><\/ul>\n\n\n\n<p>Infine per quanto&nbsp;riguarda&nbsp;<strong>le proposte rispetto a nuovi approcci e progetti<\/strong>,<\/p>\n\n\n\n<p>SALUTE Confermare la centralit\u00e0 del SSN e degli investimenti necessari connessi alla territorializzazione e alla prossimit\u00e0 e integrazione socio sanitaria dei servizi.&nbsp;<\/p>\n\n\n\n<p>LAVORO Insistere sul valore del lavoro come percorso primario di inclusione offrendo tutti i supporti per allargare le opportunit\u00e0 e sostenere l\u2019accesso&nbsp;<\/p>\n\n\n\n<p>RETI Rafforzare le reti pubbliche e terzo settore e la capacit\u00e0 di raccogliere e diffondere le informazioni sulle opportunit\u00e0 e sui servizi&nbsp;<\/p>\n\n\n\n<p>NUOVE COMPETENZE Promuovere anche attraverso bonus mirati alle famiglie la competenza per la digitalizzazione in ottica di potenziamento della fruizione, selezione e finalizzazione delle reti e delle interazioni.<\/p>\n\n\n\n<p><strong>Proposte emerse per sperimentare nuove forme di servizi:<\/strong><\/p>\n\n\n\n<ul class=\"wp-block-list\"><li>Conciliazione vita lavoro e ricostruzione di relazioni familiari con particolare attenzione al sollievo dei\u00a0\u00a0caregiver familiari<\/li><li>Valorizzare e diffondere interventi professionali per la salute mentale e l\u2019attivazione cognitiva.<\/li><li>Integrazione del \u201creddito di cittadinanza \u201c con formazione alla cura per impiego nel supporto contro l\u2019isolamento degli anziani<\/li><li>Realizzazione di banche dati condivise per interventi sulla localizzazione e progettazione sulle fragilit\u00e0\u00a0\u00a0Sviluppare capacit\u00e0 di comunicazione \u201crelazionale\u201d con un utilizzo \u201csapiente\u201d del telefono\u00a0<\/li><\/ul>\n\n\n\n<p>Per informazioni&nbsp;<\/p>\n\n\n\n<p><a href=\"mailto:federicoboccaletti@anzianienonsolo.it\"><strong>federicoboccaletti@anzianienonsolo.it<\/strong><\/a><\/p>\n\n\n\n<p><strong>335\\1206890<\/strong><\/p>\n","protected":false},"excerpt":{"rendered":"<p>\u00a0Marted\u00ec 13 aprile 2021\u00a0sono stati presentati, in un incontro web, i risultati della ricerca effettuata nella Regione Liguria con la partecipazione di operatori sociali e sanitari dei Servizi del territorio, del Patronato e del volontariato Sono intervenuti, fra gli altri : : Jolanda Sandrone&nbsp;Vicepresidente ACLI LIGURIA Federico Boccaletti&nbsp;Vicepresidente ANZIANI E NON SOLO s.c.r.l. Fra il<\/p>\n","protected":false},"author":1,"featured_media":8503,"comment_status":"open","ping_status":"open","sticky":false,"template":"","format":"standard","meta":{"footnotes":""},"categories":[114,116,121,178,118],"tags":[],"class_list":["post-8502","post","type-post","status-publish","format-standard","has-post-thumbnail","hentry","category-assistenti-familiari","category-carfam","category-formazione","category-in-primo-piano","category-societa-dellinvecchiamento"],"_links":{"self":[{"href":"https:\/\/www.anzianienonsolo.it\/online\/wp-json\/wp\/v2\/posts\/8502"}],"collection":[{"href":"https:\/\/www.anzianienonsolo.it\/online\/wp-json\/wp\/v2\/posts"}],"about":[{"href":"https:\/\/www.anzianienonsolo.it\/online\/wp-json\/wp\/v2\/types\/post"}],"author":[{"embeddable":true,"href":"https:\/\/www.anzianienonsolo.it\/online\/wp-json\/wp\/v2\/users\/1"}],"replies":[{"embeddable":true,"href":"https:\/\/www.anzianienonsolo.it\/online\/wp-json\/wp\/v2\/comments?post=8502"}],"version-history":[{"count":1,"href":"https:\/\/www.anzianienonsolo.it\/online\/wp-json\/wp\/v2\/posts\/8502\/revisions"}],"predecessor-version":[{"id":8504,"href":"https:\/\/www.anzianienonsolo.it\/online\/wp-json\/wp\/v2\/posts\/8502\/revisions\/8504"}],"wp:featuredmedia":[{"embeddable":true,"href":"https:\/\/www.anzianienonsolo.it\/online\/wp-json\/wp\/v2\/media\/8503"}],"wp:attachment":[{"href":"https:\/\/www.anzianienonsolo.it\/online\/wp-json\/wp\/v2\/media?parent=8502"}],"wp:term":[{"taxonomy":"category","embeddable":true,"href":"https:\/\/www.anzianienonsolo.it\/online\/wp-json\/wp\/v2\/categories?post=8502"},{"taxonomy":"post_tag","embeddable":true,"href":"https:\/\/www.anzianienonsolo.it\/online\/wp-json\/wp\/v2\/tags?post=8502"}],"curies":[{"name":"wp","href":"https:\/\/api.w.org\/{rel}","templated":true}]}}