{"id":8405,"date":"2021-03-27T15:13:00","date_gmt":"2021-03-27T14:13:00","guid":{"rendered":"https:\/\/www.anzianienonsolo.it\/online\/?p=8405"},"modified":"2021-04-14T15:20:14","modified_gmt":"2021-04-14T13:20:14","slug":"disabilitae-cura-nelle-famiglie-migranti-il-progetto-cosmic","status":"publish","type":"post","link":"https:\/\/www.anzianienonsolo.it\/online\/disabilitae-cura-nelle-famiglie-migranti-il-progetto-cosmic\/","title":{"rendered":"DISABILITA\u2019 E CURA NELLE FAMIGLIE MIGRANTI: IL PROGETTO COSMIC"},"content":{"rendered":"\n<p>Venerd\u00ec 26 marzo 2021 si \u00e8 tenuto il Seminario: DISABILIT\u00c0 E CURA NELLE FAMIGLIE IMMIGRATE: APPROCCI CULTURALI, QUESTIONI EDUCATIVE, PROSPETTIVE INCLUSIVE.&nbsp;<\/p>\n\n\n\n<p>Il seminario ha rappresentato l\u2019evento conclusivo del progetto Erasmus+ COSMIC &#8211;&nbsp;2018-1-NO01-KA204-038801. Con l\u2019attenta partecipazione di una folta rappresentanza di rappresentanti delle Istituzioni, operatori sociali, professionisti ed esponenti dell\u2019associazionismo, sono state affrontate le questioni sollevate&nbsp;nell\u2019ambito dei percorsi di cura,&nbsp;dall\u2019aumento dei flussi migratori che coinvolgono sempre pi\u00f9 intere famiglie e non solo singoli individui.<\/p>\n\n\n\n<p>E\u2019 ormai comune trovare caregiver immigrati in tutta Europa. Molti di loro sono genitori o fratelli di persone con disabilit\u00e0. Si tratta di un gruppo a doppio rischio di esclusione, discriminazione e stigmatizzazione. Infatti, i caregiver immigrati, proprio come tutti le altre persone che assistono un proprio familiare, sono a rischio di&nbsp;<em>burn out<\/em>&nbsp;e di difficolt\u00e0 a conciliare cura e vita privata, dall\u2019altra possono affrontare ostacoli specifici legati alla mancanza di conoscenze linguistiche o a differenze culturali nell\u2019approccio alla cura.<\/p>\n\n\n\n<p>Moderati da&nbsp;Loredana Ligabue,&nbsp;Responsabile area&nbsp;<em>care<\/em>&nbsp;di&nbsp;Anziani e non solo, si sono susseguiti gli&nbsp;interventi di<em>&nbsp;<u>Valeria Friso<\/u><\/em>&nbsp;del&nbsp;Dipartimento di Scienze dell&#8217;Educazione, dell\u2019Universit\u00e0 di Bologna su&nbsp;Disabilit\u00e0 e cura che ha affrontato i&nbsp;&nbsp;temi della mediazione e della \u201ccura educativa\u201d, in grado di misurarsi con&nbsp;&nbsp;le diverse rappresentazioni culturali della disabilit\u00e0 e gli specifici&nbsp;&nbsp;valori della cura,&nbsp;&nbsp;sottolineando la necessit\u00e0 di un coinvolgimento stretto delle Istituzioni , in particolar modo della scuola, in&nbsp;&nbsp;un dialogo costante con le famiglie&nbsp;&nbsp;<\/p>\n\n\n\n<p>Successivamente&nbsp;<em><u>Maria Grazia Soldati<\/u><\/em>, psicopedagogista, libera ricercatrice in Antropologia dell\u2019educazione e processi di Mediazione Culturale&nbsp;\u00e8 intervenuta&nbsp;su \u201cFamiglie immigrate: culture e relazioni con il sistema dei servizi territoriali\u201d. In tale ambit<a>o&nbsp;<\/a>ha approfondito l\u2019articolazione delle sensibilit\u00e0 e delle aspettative delle famiglie migranti in relazione ai percorsi della cura e ai legami dell\u2019individuo con&nbsp;&nbsp;la sua comunit\u00e0 culturale , relazione su cui va attuata un\u2019attenta mediazione positiva orientata alla condivisione del sapere.&nbsp;&nbsp;<\/p>\n\n\n\n<p>Successivamente&nbsp;<em><u>Li<\/u><\/em><em><u>cia Boccaletti<\/u><\/em><em>,&nbsp;<\/em>Presidente di<em>&nbsp;<\/em>Anziani e non solo scs<em>&nbsp;e&nbsp;&nbsp;<u>Casandra Cristea,&nbsp;<\/u><\/em>project managerdell\u2019Associazione C\u2019entro, hanno presentato&nbsp;i risultati del progetto COSMIC ed in particolare&nbsp;i metodi e gli strumenti&nbsp;realizzati nell\u2019ambito del Progetto&nbsp;&nbsp;per supportare i caregiver informali di origine straniera e favorirne&nbsp;l&#8217;accesso ai servizi.&nbsp;&nbsp;In particolare sono disponibili: un Libretto informativo multilingue peer i familiari e uno dedicato alle specifiche comunit\u00e0 di migranti con una Guida per il loro impiego pi\u00f9 efficace. Un percorso formativo in presenza e online per operatori. Una sezione di testimonianze sul sito di progetto.<\/p>\n\n\n\n<p>L\u2019incontro si \u00e8 concluso con una tavola rotonda su \u201cEsperienze e problematiche di inclusione nei servizi e nella cura\u201d,&nbsp;cui hanno partecipato&nbsp;<em><u>Elena Goldoni<\/u><\/em>,&nbsp;&nbsp;Referente Disabilit\u00e0 e Intercultura servizi educativi e scolastici dell\u2019Unione Terre d\u2019Argine<em>,&nbsp;<u>Marilena Barzanti<\/u><\/em>, Responsabile Servizi Anffas Forl\u00ec e<em>&nbsp;<u>Alice Greco<\/u><\/em>,&nbsp;Presidente Uildm Bologna che hanno portato le esperienze realizzate nei rispettivi servizi e realt\u00e0 associative per l\u2019integrazione culturale dei migranti nei percorsi di cura .<\/p>\n\n\n\n<p>Informazioni sul progetto:\u00a0<a href=\"https:\/\/cosmicproject.eu\/\">https:\/\/cosmicproject.eu\/<\/a><\/p>\n\n\n\n<h2 class=\"wp-block-heading\">Video dell&#8217;evento disponibile su youtube<\/h2>\n\n\n\n<figure class=\"wp-block-embed is-type-video is-provider-youtube wp-block-embed-youtube wp-embed-aspect-16-9 wp-has-aspect-ratio\"><div class=\"wp-block-embed__wrapper\">\n<iframe title=\"Disabilit\u00e0 e cura nelle famiglie immigrate\" width=\"1120\" height=\"630\" src=\"https:\/\/www.youtube.com\/embed\/1Ge_CwV-Etw?feature=oembed\" frameborder=\"0\" allow=\"accelerometer; autoplay; clipboard-write; encrypted-media; gyroscope; picture-in-picture\" allowfullscreen><\/iframe>\n<\/div><\/figure>\n","protected":false},"excerpt":{"rendered":"<p>Venerd\u00ec 26 marzo 2021 si \u00e8 tenuto il Seminario: DISABILIT\u00c0 E CURA NELLE FAMIGLIE IMMIGRATE: APPROCCI CULTURALI, QUESTIONI EDUCATIVE, PROSPETTIVE INCLUSIVE.&nbsp; Il seminario ha rappresentato l\u2019evento conclusivo del progetto Erasmus+ COSMIC &#8211;&nbsp;2018-1-NO01-KA204-038801. Con l\u2019attenta partecipazione di una folta rappresentanza di rappresentanti delle Istituzioni, operatori sociali, professionisti ed esponenti dell\u2019associazionismo, sono state affrontate le questioni sollevate&nbsp;nell\u2019ambito<\/p>\n","protected":false},"author":1,"featured_media":8406,"comment_status":"closed","ping_status":"closed","sticky":false,"template":"","format":"standard","meta":{"footnotes":""},"categories":[116,178],"tags":[],"class_list":["post-8405","post","type-post","status-publish","format-standard","has-post-thumbnail","hentry","category-carfam","category-in-primo-piano"],"_links":{"self":[{"href":"https:\/\/www.anzianienonsolo.it\/online\/wp-json\/wp\/v2\/posts\/8405"}],"collection":[{"href":"https:\/\/www.anzianienonsolo.it\/online\/wp-json\/wp\/v2\/posts"}],"about":[{"href":"https:\/\/www.anzianienonsolo.it\/online\/wp-json\/wp\/v2\/types\/post"}],"author":[{"embeddable":true,"href":"https:\/\/www.anzianienonsolo.it\/online\/wp-json\/wp\/v2\/users\/1"}],"replies":[{"embeddable":true,"href":"https:\/\/www.anzianienonsolo.it\/online\/wp-json\/wp\/v2\/comments?post=8405"}],"version-history":[{"count":5,"href":"https:\/\/www.anzianienonsolo.it\/online\/wp-json\/wp\/v2\/posts\/8405\/revisions"}],"predecessor-version":[{"id":8507,"href":"https:\/\/www.anzianienonsolo.it\/online\/wp-json\/wp\/v2\/posts\/8405\/revisions\/8507"}],"wp:featuredmedia":[{"embeddable":true,"href":"https:\/\/www.anzianienonsolo.it\/online\/wp-json\/wp\/v2\/media\/8406"}],"wp:attachment":[{"href":"https:\/\/www.anzianienonsolo.it\/online\/wp-json\/wp\/v2\/media?parent=8405"}],"wp:term":[{"taxonomy":"category","embeddable":true,"href":"https:\/\/www.anzianienonsolo.it\/online\/wp-json\/wp\/v2\/categories?post=8405"},{"taxonomy":"post_tag","embeddable":true,"href":"https:\/\/www.anzianienonsolo.it\/online\/wp-json\/wp\/v2\/tags?post=8405"}],"curies":[{"name":"wp","href":"https:\/\/api.w.org\/{rel}","templated":true}]}}