{"id":8393,"date":"2021-03-24T17:59:46","date_gmt":"2021-03-24T16:59:46","guid":{"rendered":"https:\/\/www.anzianienonsolo.it\/online\/?p=8393"},"modified":"2021-03-24T18:03:02","modified_gmt":"2021-03-24T17:03:02","slug":"imparare-linglese-cantando-un-metodo-rivolto-alle-persone-con-leggero-decadimento-cognitivo","status":"publish","type":"post","link":"https:\/\/www.anzianienonsolo.it\/online\/imparare-linglese-cantando-un-metodo-rivolto-alle-persone-con-leggero-decadimento-cognitivo\/","title":{"rendered":"Imparare l\u2019inglese cantando: un metodo rivolto alle persone con leggero decadimento cognitivo"},"content":{"rendered":"\n<p>Il Progetto \u201cE.L.SO.MC.I, finanziato dal programma Erasmus+, lancia il sito <a href=\"http:\/\/www.songsforcare.eu\" data-type=\"URL\" data-id=\"www.songsforcare.eu\"><strong>www.songsforcare.eu<\/strong><\/a>. La piattaforma, oltre a descrivere in dettaglio le finalit\u00e0 del progetto, presenter\u00e0 un programma di insegnamento basato su un approccio innovativo.<\/p>\n\n\n\n<p>E.L.SO.MC.I \u00e8 rivolto alle persone con lieve decadimento cognitivo, la metodologia alla sua base \u00e8 mirata ad attivare meccanismi di stimolazione finalizzati al miglioramento delle funzioni e rallentamento dei processi di decadimento.<\/p>\n\n\n\n<p>Il progetto, coordinato da&nbsp; Alzheimer Hellas, \u00e8 ufficialmente iniziato a dicembre 2020; durante il suo corso, sar\u00e0 sperimentato in 5 paesi europei: Grecia, Italia, Croazia, Spagna e Slovenia.<\/p>\n\n\n\n<p>Il deterioramento cognitivo lieve pu\u00f2 essere considerato lo stadio preclinico della demenza ed interessa il 25,2% nelle persone di et\u00e0 superiore ai 60 anni, una percentuale che aumenta con l\u2019et\u00e0 e suggerisce una relazione tra il livello di istruzione e la riserva cognitiva. Molti studi scientifici evidenziano l\u2019efficacia degli interventi attuati sui fattori modificabili per prevenire la progressione della demenza.<\/p>\n\n\n\n<p>L\u2019apprendimento di una lingua straniera \u00e8 un buon modo favorire il miglioramento cognitivo. Tuttavia, poich\u00e9 questi pazienti possono presentare un deficit nella memoria e nella capacit\u00e0 di attenzione, potrebbe risultare non molto facile per loro imparare una lingua straniera attraverso un metodo di insegnamento convenzionale.<\/p>\n\n\n\n<p>Per affrontare i problemi cognitivi e le barriere di apprendimento, il progetto E.L.SO.MC.I promuove approcci innovativi che stimolano e aiutano i pazienti a ricordare pi\u00f9 facilmente poich\u00e9 l\u2019uso delle canzoni si \u00e8 dimostrato un\u2019ottima tecnica di apprendimento di una lingua straniera.<\/p>\n\n\n\n<figure class=\"wp-block-image size-large\"><img fetchpriority=\"high\" decoding=\"async\" width=\"1024\" height=\"1024\" src=\"https:\/\/www.anzianienonsolo.it\/online\/wp-content\/uploads\/2021\/03\/Insta_Banner_Sicual-6-1024x1024.jpg\" alt=\"\" class=\"wp-image-8394\" srcset=\"https:\/\/www.anzianienonsolo.it\/online\/wp-content\/uploads\/2021\/03\/Insta_Banner_Sicual-6-1024x1024.jpg 1024w, https:\/\/www.anzianienonsolo.it\/online\/wp-content\/uploads\/2021\/03\/Insta_Banner_Sicual-6-scaled-300x300.jpg 300w, https:\/\/www.anzianienonsolo.it\/online\/wp-content\/uploads\/2021\/03\/Insta_Banner_Sicual-6-scaled-100x100.jpg 100w, https:\/\/www.anzianienonsolo.it\/online\/wp-content\/uploads\/2021\/03\/Insta_Banner_Sicual-6-scaled-600x600.jpg 600w, https:\/\/www.anzianienonsolo.it\/online\/wp-content\/uploads\/2021\/03\/Insta_Banner_Sicual-6-150x150.jpg 150w, https:\/\/www.anzianienonsolo.it\/online\/wp-content\/uploads\/2021\/03\/Insta_Banner_Sicual-6-768x768.jpg 768w, https:\/\/www.anzianienonsolo.it\/online\/wp-content\/uploads\/2021\/03\/Insta_Banner_Sicual-6-1536x1536.jpg 1536w, https:\/\/www.anzianienonsolo.it\/online\/wp-content\/uploads\/2021\/03\/Insta_Banner_Sicual-6-2048x2048.jpg 2048w, https:\/\/www.anzianienonsolo.it\/online\/wp-content\/uploads\/2021\/03\/Insta_Banner_Sicual-6-50x50.jpg 50w, https:\/\/www.anzianienonsolo.it\/online\/wp-content\/uploads\/2021\/03\/Insta_Banner_Sicual-6-320x320.jpg 320w\" sizes=\"(max-width: 1024px) 100vw, 1024px\" \/><\/figure>\n\n\n\n<p><strong>Alexandra Christakidou<\/strong> (Alzheimer Hellas) <em>esperta di linguistica teorica e applicata, ha dichiarato: Uso questa metodologia da 10 anni. Ho dovuto svilupparla perch\u00e9 i miei studenti erano adulti e talvolta avevano difficolt\u00e0 a memorizzare. Ho applicato questo metodo anche in uno studio pilota di Alzheimer Hellas con ottimi risultati. Ho preso in prestito alcuni elementi da metodi e approcci innovativi gi\u00e0 esistenti e li ho combinati. Quello che era iniziato come un esperimento si \u00e8 rivelato essere un approccio molto dinamico per l\u2019acquisizione di una lingua straniera. Gli studenti amavano partecipare alle lezioni, hanno imparato nuovi vocaboli, frasi utili per la comunicazione e, oltre a questo, hanno anche rafforzato una visione ottimistica della vita.<\/em><\/p>\n\n\n\n<p>Attraverso la creazione di sessioni formative, una guida metodologica ed un corso e-Learning per professionisti, questo progetto mira a:<\/p>\n\n\n\n<p>1. Migliorare le funzioni cognitive dei partecipanti al programma&nbsp;<\/p>\n\n\n\n<p>2. Supportare il processo di apprendimento della lingua inglese attraverso l\u2019uso di canzoni.<\/p>\n\n\n\n<p>3. Ridurre lo stress e aumentare le emozioni positive.&nbsp;<\/p>\n\n\n\n<p>4. Migliorare la socializzazione dei partecipanti e il senso di appartenenza al gruppo.<\/p>\n\n\n\n<p>5. Prevenire l\u2019 Alzheimer.<\/p>\n\n\n\n<p>6. Far s\u00ec che partecipanti familiarizzino con la lingua inglese.<\/p>\n\n\n\n<p>7. Migliorare il vocabolario, la grammatica, la sintassi della lingua inglese attraverso un piacevole processo di apprendimento.\u00a0<\/p>\n\n\n\n<hr class=\"wp-block-separator\"\/>\n\n\n\n<p>Il progetto vede la collaborazione di 5 partner europei:<\/p>\n\n\n\n<p>Alzheimer Hellas (Grecia) <a href=\"http:\/\/www.alzheimer-hellas.gr\" data-type=\"URL\" data-id=\"www.alzheimer-hellas.gr\">www.alzheimer-hellas.gr<\/a><\/p>\n\n\n\n<p>Anziani e non solo (Italia) <a href=\"http:\/\/www.anzianienonsolo.it\" data-type=\"URL\" data-id=\"www.anzianienonsolo.it\">www.anzianienonsolo.it<\/a><\/p>\n\n\n\n<p>Asociaci\u00f3n Familiares Alzheimer Valencia (Spagna) <a href=\"http:\/\/www.afav.org\" data-type=\"URL\" data-id=\"www.afav.org\">www.afav.org<\/a><\/p>\n\n\n\n<p>Spomin\u010dica &#8211; Alzheimer Slovenia &#8211; Slovenian Association for Dementia Help (Slovenia) <a href=\"http:\/\/www.spomincica.si\" data-type=\"URL\" data-id=\"www.spomincica.si\">www.spomincica.si<\/a><\/p>\n\n\n\n<p>Clinica di psichiatria Vrap\u010de (Croazia) <a href=\"http:\/\/www.bolnica-vrapce.hr\" data-type=\"URL\" data-id=\"www.bolnica-vrapce.hr\">www.bolnica-vrapce.hr<\/a><\/p>\n\n\n\n<div class=\"wp-block-file\"><a href=\"https:\/\/www.anzianienonsolo.it\/online\/wp-content\/uploads\/2021\/03\/ELSO_PR_1_IT.pdf\">Scarica il comunicato stampa in formato .pdf<\/a><a href=\"https:\/\/www.anzianienonsolo.it\/online\/wp-content\/uploads\/2021\/03\/ELSO_PR_1_IT.pdf\" class=\"wp-block-file__button\" download>Download<\/a><\/div>\n","protected":false},"excerpt":{"rendered":"<p>Il Progetto \u201cE.L.SO.MC.I, finanziato dal programma Erasmus+, lancia il sito www.songsforcare.eu. La piattaforma, oltre a descrivere in dettaglio le finalit\u00e0 del progetto, presenter\u00e0 un programma di insegnamento basato su un approccio innovativo. E.L.SO.MC.I \u00e8 rivolto alle persone con lieve decadimento cognitivo, la metodologia alla sua base \u00e8 mirata ad attivare meccanismi di stimolazione finalizzati al<\/p>\n","protected":false},"author":1,"featured_media":8395,"comment_status":"closed","ping_status":"closed","sticky":false,"template":"","format":"standard","meta":{"footnotes":""},"categories":[116,121,178],"tags":[],"class_list":["post-8393","post","type-post","status-publish","format-standard","has-post-thumbnail","hentry","category-carfam","category-formazione","category-in-primo-piano"],"_links":{"self":[{"href":"https:\/\/www.anzianienonsolo.it\/online\/wp-json\/wp\/v2\/posts\/8393"}],"collection":[{"href":"https:\/\/www.anzianienonsolo.it\/online\/wp-json\/wp\/v2\/posts"}],"about":[{"href":"https:\/\/www.anzianienonsolo.it\/online\/wp-json\/wp\/v2\/types\/post"}],"author":[{"embeddable":true,"href":"https:\/\/www.anzianienonsolo.it\/online\/wp-json\/wp\/v2\/users\/1"}],"replies":[{"embeddable":true,"href":"https:\/\/www.anzianienonsolo.it\/online\/wp-json\/wp\/v2\/comments?post=8393"}],"version-history":[{"count":2,"href":"https:\/\/www.anzianienonsolo.it\/online\/wp-json\/wp\/v2\/posts\/8393\/revisions"}],"predecessor-version":[{"id":8399,"href":"https:\/\/www.anzianienonsolo.it\/online\/wp-json\/wp\/v2\/posts\/8393\/revisions\/8399"}],"wp:featuredmedia":[{"embeddable":true,"href":"https:\/\/www.anzianienonsolo.it\/online\/wp-json\/wp\/v2\/media\/8395"}],"wp:attachment":[{"href":"https:\/\/www.anzianienonsolo.it\/online\/wp-json\/wp\/v2\/media?parent=8393"}],"wp:term":[{"taxonomy":"category","embeddable":true,"href":"https:\/\/www.anzianienonsolo.it\/online\/wp-json\/wp\/v2\/categories?post=8393"},{"taxonomy":"post_tag","embeddable":true,"href":"https:\/\/www.anzianienonsolo.it\/online\/wp-json\/wp\/v2\/tags?post=8393"}],"curies":[{"name":"wp","href":"https:\/\/api.w.org\/{rel}","templated":true}]}}