{"id":8378,"date":"2021-03-22T14:38:30","date_gmt":"2021-03-22T13:38:30","guid":{"rendered":"https:\/\/www.anzianienonsolo.it\/online\/?p=8378"},"modified":"2021-03-22T14:39:23","modified_gmt":"2021-03-22T13:39:23","slug":"sincala-per-i-caregiver-familiari-un-progetto-per-supportarli-attraverso-un-approccio-familiare-e-di-vita","status":"publish","type":"post","link":"https:\/\/www.anzianienonsolo.it\/online\/sincala-per-i-caregiver-familiari-un-progetto-per-supportarli-attraverso-un-approccio-familiare-e-di-vita\/","title":{"rendered":"Sincala per i caregiver familiari: un progetto per supportarli attraverso un approccio familiare e di vita"},"content":{"rendered":"\n<p>In Europa l\u201980% delle persone con patologie croniche viene assistito da caregiver familiari. Essi svolgono il proprio ruolo di cura su base volontaria e gratuita, al di fuori di un quadro formale e professionale.<\/p>\n\n\n\n<p>Prendersi cura di una persona cara pu\u00f2 essere fonte di grande soddisfazione personale ma \u00e8 anche una sfida che ci mette, spesso, alla prova a causa del forte carico, stress, fatica e difficolt\u00e0 conciliare tempi di vita e di lavoro che il compito comporta.<\/p>\n\n\n\n<p>E\u2019 necessario, dunque, supportare una relazione funzionale tra il caregiver e l\u2019assistito\/a. Persone appartenenti a diverse fasce di et\u00e0 e con diversi legami di parentela con l\u2019assistito\/a (figli\/e giovani \/ adulti, nipoti, coniugi) possono portare con s\u00e9 un bagaglio di esperienze e prospettive diverse: di ci\u00f2 va tenuto conto al fine di fornire un supporto completo ed efficace.<\/p>\n\n\n\n<p>Il progetto SINCALA, finanziato nell\u2019ambito del programma Erasmus+ vuole mettere a punto un intervento basato sulla narrativa terapeutica, un metodo che potr\u00e0 essere usato dai professionisti che lavorano con i caregiver, per aiutarli a sviluppare la capacit\u00e0 di resilienza e continuare, cos\u00ec, a svolgere il proprio compito di cura ed assistenza.<\/p>\n\n\n\n<p>Partner provenienti da diversi Paesi europei, lavoreranno insieme per realizzare una serie di azioni innovative e programmi formativi incentrati sui bisogni reali dei caregiver familiari. Questi strumenti saranno rivolti ai caregiver familiari, educatori per adult, professionisti del settore come psicologi, infermieri, assistenti sociali ed assistenti domiciliari.<\/p>\n\n\n\n<p><strong>Le risorse che verranno sviluppate nel corso del progetto:<\/strong><\/p>\n\n\n\n<p>Un metodo pedagogico basato sulla narrazione, testato ed adattato ai diversi contesti dei paesi dell\u2019UE. Il programma \u00e8 mirato alle famiglie che si prendono cura di anziani non autosufficienti per aumentare la loro capacit\u00e0 di resilienza familiare.<\/p>\n\n\n\n<p>Una guida per i facilitatori che condurranno i seminari basati sulla narrazione, per aiutarli a identificare e affrontare i problemi che emergono tra le famiglie, come i casi di burnout, abusi sugli anziani o altre forme di violenza domestica.<\/p>\n\n\n\n<p>Un corso online per trasferire i risultati raggiunti ad un pubblico pi\u00f9 ampio di professionisti.<\/p>\n\n\n\n<p>Il programma, attualmente nella sua prima fase, \u00e8 realizzato da un consorzio di organizzazioni non governative: Women\u2019s Support and Information Center (Estonia), Universit\u00e0 di Tartu (Estonia), Unione delle associazioni femminili di Heraklion, Alzheimer Hellas (Grecia), Anziani e non solo (Italia), CASO50 + (Portogallo), Spomin\u010dica &#8211; Alzheimer Slovenija (Slovenia).<\/p>\n\n\n\n<p><strong>Informazioni sul progetto: <a rel=\"noreferrer noopener\" href=\"https:\/\/sincala.eu\" target=\"_blank\">https:\/\/sincala.eu<\/a><\/strong><\/p>\n\n\n\n<p>Photo by\u00a0<a href=\"https:\/\/unsplash.com\/@estherann?utm_source=unsplash&amp;utm_medium=referral&amp;utm_content=creditCopyText\">Esther Ann<\/a>\u00a0on\u00a0<a>Unsplash<\/a><\/p>\n","protected":false},"excerpt":{"rendered":"<p>In Europa l\u201980% delle persone con patologie croniche viene assistito da caregiver familiari. Essi svolgono il proprio ruolo di cura su base volontaria e gratuita, al di fuori di un quadro formale e professionale. Prendersi cura di una persona cara pu\u00f2 essere fonte di grande soddisfazione personale ma \u00e8 anche una sfida che ci mette,<\/p>\n","protected":false},"author":1,"featured_media":8379,"comment_status":"closed","ping_status":"closed","sticky":false,"template":"","format":"standard","meta":{"footnotes":""},"categories":[116,178],"tags":[],"class_list":["post-8378","post","type-post","status-publish","format-standard","has-post-thumbnail","hentry","category-carfam","category-in-primo-piano"],"_links":{"self":[{"href":"https:\/\/www.anzianienonsolo.it\/online\/wp-json\/wp\/v2\/posts\/8378"}],"collection":[{"href":"https:\/\/www.anzianienonsolo.it\/online\/wp-json\/wp\/v2\/posts"}],"about":[{"href":"https:\/\/www.anzianienonsolo.it\/online\/wp-json\/wp\/v2\/types\/post"}],"author":[{"embeddable":true,"href":"https:\/\/www.anzianienonsolo.it\/online\/wp-json\/wp\/v2\/users\/1"}],"replies":[{"embeddable":true,"href":"https:\/\/www.anzianienonsolo.it\/online\/wp-json\/wp\/v2\/comments?post=8378"}],"version-history":[{"count":2,"href":"https:\/\/www.anzianienonsolo.it\/online\/wp-json\/wp\/v2\/posts\/8378\/revisions"}],"predecessor-version":[{"id":8381,"href":"https:\/\/www.anzianienonsolo.it\/online\/wp-json\/wp\/v2\/posts\/8378\/revisions\/8381"}],"wp:featuredmedia":[{"embeddable":true,"href":"https:\/\/www.anzianienonsolo.it\/online\/wp-json\/wp\/v2\/media\/8379"}],"wp:attachment":[{"href":"https:\/\/www.anzianienonsolo.it\/online\/wp-json\/wp\/v2\/media?parent=8378"}],"wp:term":[{"taxonomy":"category","embeddable":true,"href":"https:\/\/www.anzianienonsolo.it\/online\/wp-json\/wp\/v2\/categories?post=8378"},{"taxonomy":"post_tag","embeddable":true,"href":"https:\/\/www.anzianienonsolo.it\/online\/wp-json\/wp\/v2\/tags?post=8378"}],"curies":[{"name":"wp","href":"https:\/\/api.w.org\/{rel}","templated":true}]}}