{"id":8243,"date":"2021-01-29T11:06:46","date_gmt":"2021-01-29T10:06:46","guid":{"rendered":"https:\/\/www.anzianienonsolo.it\/online\/?p=8243"},"modified":"2021-01-29T11:11:03","modified_gmt":"2021-01-29T10:11:03","slug":"progetto-alone-lancio-dei-risultati-della-ricerca-sulla-solitudine-esistenziale-negli-anziani","status":"publish","type":"post","link":"https:\/\/www.anzianienonsolo.it\/online\/progetto-alone-lancio-dei-risultati-della-ricerca-sulla-solitudine-esistenziale-negli-anziani\/","title":{"rendered":"Progetto Alone: lancio dei risultati della ricerca sulla solitudine esistenziale negli anziani"},"content":{"rendered":"\n<p><strong>LA SOLITUDINE ESISTENZIALE: \u00ab\u00c8 ANCHE UNA MANCANZA DI RELAZIONE CON SE STESSI, COME UNA SORTA DI DESERTO\u00bb &#8211;<br>LA VOCE DEGLI OPERATORI SOCIALI E SANITARI<\/strong><br><br>I partner del progetto ALONE sono lieti di annunciare che \u00e8 ora disponibile il report sulla comprensione, la percezione e le esperienze dei professionisti sociali e sanitari riguardo la solitudine esistenziale tra le persone anziane. <strong><a href=\"https:\/\/aloneproject.eu\/documents-2\/\">\u00c8 possibile trovare il report in varie versioni linguistiche sul sito web del progetto: inglese, italiano, lituano, polacco, romeno e svedese.<\/a><\/strong><\/p>\n\n\n\n<p><br>La ricerca empirica che \u00e8 stata condotta nei cinque Paesi partner aveva lo scopo di identificare le difficolt\u00e0 e le limitazioni che riscontrano i professionisti sanitari e sociali nell\u2019affrontare la solitudine esistenziale tra le persone anziane. L\u2019obiettivo finale della ricerca \u00e8 stato quello di rilevare le competenze e i fabbisogni formativi e di supporto per affrontare questo fenomeno, al fine di sviluppare un programma di Istruzione e Formazione Professionale (IFP) di alta qualit\u00e0 nel settore che sia in grado di soddisfare tali esigenze degli operatori.<\/p>\n\n\n\n<p><br>In generale la ricerca ha reso evidente come vi sia carenza di conoscenze specifiche sulla solitudine esistenziale tra la maggior parte dei professionisti coinvolti nei Paesi partner. Inoltre, \u00e8 stato possibile osservare che dopo aver fornito la definizione del fenomeno della solitudine esistenziale, tutti i partecipanti hanno riferito di aver incontrato nella loro attivit\u00e0 professionale persone anziane che la vivevano.<\/p>\n\n\n\n<div class=\"wp-block-image\"><figure class=\"alignleft size-medium\"><a href=\"https:\/\/aloneproject.eu\/download\/753\/\"><img fetchpriority=\"high\" decoding=\"async\" width=\"212\" height=\"300\" src=\"https:\/\/www.anzianienonsolo.it\/online\/wp-content\/uploads\/2021\/01\/okCover_report_02it_Pagina_1-212x300.jpg\" alt=\"\" class=\"wp-image-8246\" srcset=\"https:\/\/www.anzianienonsolo.it\/online\/wp-content\/uploads\/2021\/01\/okCover_report_02it_Pagina_1-212x300.jpg 212w, https:\/\/www.anzianienonsolo.it\/online\/wp-content\/uploads\/2021\/01\/okCover_report_02it_Pagina_1-scaled-600x849.jpg 600w, https:\/\/www.anzianienonsolo.it\/online\/wp-content\/uploads\/2021\/01\/okCover_report_02it_Pagina_1-724x1024.jpg 724w, https:\/\/www.anzianienonsolo.it\/online\/wp-content\/uploads\/2021\/01\/okCover_report_02it_Pagina_1-768x1086.jpg 768w, https:\/\/www.anzianienonsolo.it\/online\/wp-content\/uploads\/2021\/01\/okCover_report_02it_Pagina_1-1086x1536.jpg 1086w, https:\/\/www.anzianienonsolo.it\/online\/wp-content\/uploads\/2021\/01\/okCover_report_02it_Pagina_1-1448x2048.jpg 1448w, https:\/\/www.anzianienonsolo.it\/online\/wp-content\/uploads\/2021\/01\/okCover_report_02it_Pagina_1-scaled.jpg 1810w\" sizes=\"(max-width: 212px) 100vw, 212px\" \/><\/a><figcaption>Il report scaricabile in italiano<\/figcaption><\/figure><\/div>\n\n\n\n<p><br>La solitudine esistenziale \u00e8 stata considerata come qualcosa che va molto in profondit\u00e0, portando con s\u00e9 un<br>senso di vuoto, un senso di perdita irrecuperabile di qualcosa o qualcuno considerato molto importante. I partecipanti hanno riferito che individuare e affrontare la solitudine esistenziale tra le persone anziane pu\u00f2 essere un compito difficile che spesso richiede uno sforzo emotivo importante, esacerbato dalla mancanza di conoscenza in merito e dalla mancanza di supporto.<br><\/p>\n\n\n\n<p>Oltre a ci\u00f2, la recente emergenza sanitaria Covid-19, che ha colpito il mondo intero nel 2020, ha visto necessaria l\u2019introduzione di un protocollo per il distanziamento sociale e per il contenimento dei contatti umani, attuato attraverso l\u2019invito, o l\u2019obbligo in alcuni Paesi, di rimanere nel proprio domicilio per un certo periodo, nonch\u00e9<br>la sospensione delle visite di parenti o amici ad anziani residenti in strutture. In una situazione straordinaria come questa, si \u00e8 resa ancora pi\u00f9 evidente l\u2019importanza di saper riconoscere e affrontare la solitudine esistenziale tra le persone anziane.<\/p>\n\n\n\n<p><\/p>\n\n\n\n<h2 class=\"wp-block-heading\"><strong>Scarica il report in italiano<\/strong><\/h2>\n\n\n\n<p><a href=\"https:\/\/aloneproject.eu\/download\/753\/\"><strong>PROSPETTIVE E OSTACOLI INCONTRATI DAI PROFESSIONISTI SANITARI E SOCIALI NELL\u2019INTERFACCIARSI CON LA SOLITUDINE ESISTENZIALE DEGLI ANZIANI<\/strong><\/a><\/p>\n","protected":false},"excerpt":{"rendered":"<p>LA SOLITUDINE ESISTENZIALE: \u00ab\u00c8 ANCHE UNA MANCANZA DI RELAZIONE CON SE STESSI, COME UNA SORTA DI DESERTO\u00bb &#8211;LA VOCE DEGLI OPERATORI SOCIALI E SANITARI I partner del progetto ALONE sono lieti di annunciare che \u00e8 ora disponibile il report sulla comprensione, la percezione e le esperienze dei professionisti sociali e sanitari riguardo la solitudine esistenziale<\/p>\n","protected":false},"author":1,"featured_media":8249,"comment_status":"closed","ping_status":"closed","sticky":false,"template":"","format":"standard","meta":{"footnotes":""},"categories":[178,115,118],"tags":[],"class_list":["post-8243","post","type-post","status-publish","format-standard","has-post-thumbnail","hentry","category-in-primo-piano","category-pre-viol-ab","category-societa-dellinvecchiamento"],"_links":{"self":[{"href":"https:\/\/www.anzianienonsolo.it\/online\/wp-json\/wp\/v2\/posts\/8243"}],"collection":[{"href":"https:\/\/www.anzianienonsolo.it\/online\/wp-json\/wp\/v2\/posts"}],"about":[{"href":"https:\/\/www.anzianienonsolo.it\/online\/wp-json\/wp\/v2\/types\/post"}],"author":[{"embeddable":true,"href":"https:\/\/www.anzianienonsolo.it\/online\/wp-json\/wp\/v2\/users\/1"}],"replies":[{"embeddable":true,"href":"https:\/\/www.anzianienonsolo.it\/online\/wp-json\/wp\/v2\/comments?post=8243"}],"version-history":[{"count":3,"href":"https:\/\/www.anzianienonsolo.it\/online\/wp-json\/wp\/v2\/posts\/8243\/revisions"}],"predecessor-version":[{"id":8251,"href":"https:\/\/www.anzianienonsolo.it\/online\/wp-json\/wp\/v2\/posts\/8243\/revisions\/8251"}],"wp:featuredmedia":[{"embeddable":true,"href":"https:\/\/www.anzianienonsolo.it\/online\/wp-json\/wp\/v2\/media\/8249"}],"wp:attachment":[{"href":"https:\/\/www.anzianienonsolo.it\/online\/wp-json\/wp\/v2\/media?parent=8243"}],"wp:term":[{"taxonomy":"category","embeddable":true,"href":"https:\/\/www.anzianienonsolo.it\/online\/wp-json\/wp\/v2\/categories?post=8243"},{"taxonomy":"post_tag","embeddable":true,"href":"https:\/\/www.anzianienonsolo.it\/online\/wp-json\/wp\/v2\/tags?post=8243"}],"curies":[{"name":"wp","href":"https:\/\/api.w.org\/{rel}","templated":true}]}}