{"id":7275,"date":"2016-10-12T16:12:19","date_gmt":"2016-10-12T14:12:19","guid":{"rendered":"http:\/\/www.anzianienonsolo.it\/?p=1506"},"modified":"2016-10-12T16:12:19","modified_gmt":"2016-10-12T14:12:19","slug":"anziani-e-non-solo-interviene-al-ciclo-di-incontri-parole-di-cura","status":"publish","type":"post","link":"https:\/\/www.anzianienonsolo.it\/online\/anziani-e-non-solo-interviene-al-ciclo-di-incontri-parole-di-cura\/","title":{"rendered":"Anziani e non solo interviene al ciclo di incontri &quot;Parole di Cura&quot;"},"content":{"rendered":"<p><a href=\"http:\/\/www.anzianienonsolo.it\/online\/wp-content\/uploads\/2016\/10\/bergamo_20161011_205612.jpg\"><img fetchpriority=\"high\" decoding=\"async\" class=\"alignleft size-medium wp-image-1508\" alt=\"bergamo_20161011_205612\" src=\"http:\/\/www.anzianienonsolo.it\/wp-content\/uploads\/2016\/10\/bergamo_20161011_205612-300x168.jpg\" width=\"300\" height=\"168\" \/><\/a>Marted\u00ec 11 ottobre si \u00e8 svolto a Bergamo il primo del ciclo di incontri dal titolo \u201cPAROLE DI CURA\u201d. L\u2019incontro, promosso dall\u2019Associazione bergamasca \u201cAbitare le et\u00e0\u201d che si pone l\u2019obiettivo di sviluppare una importante azione di sensibilizzazione culturale e di promozione sociale sui temi della societ\u00e0 dell\u2019invecchiamento e per un welfare comunitario rinnovato. Relatrice dell\u2019incontro Loredana Ligabue, direttrice della Cooperativa Anziani e non solo, intervistata dalla giornalista Susanna Pesenti.<br \/>\nDavanti al numeroso e attento pubblico, alle rappresentanze professionali e istituzionali della Citt\u00e0, dopo la presentazione da parte di Stefano Stefanoni degli obiettivi di \u201cAbitare le et\u00e0\u201d, Ligabue ha sviluppato il tema del ruolo del caregiver per affrontare le criticit\u00e0 della non autosufficienza e della fragilit\u00e0.<br \/>\nLigabue ha poi approfondito il tema dei diritti dei caregiver e quindi delle norme che la Legge regionale approvata dall\u2019Emilia Romagna e la <a href=\"http:\/\/www.anzianienonsolo.it\/online\/wp-content\/uploads\/2016\/10\/20161011_225710-e1476281524674.jpg\"><img decoding=\"async\" class=\"alignright size-medium wp-image-1509\" alt=\"20161011_225710\" src=\"http:\/\/www.anzianienonsolo.it\/wp-content\/uploads\/2016\/10\/20161011_225710-e1476281524674-300x168.jpg\" width=\"300\" height=\"168\" \/><\/a>Legge quadro nazionale proposta pone a tutela dei diritti di informazione formazione coinvolgimento dei caregiver nei piani assistenziali a integrazione del ruolo dei servizi e di sostegno nelle situazioni di emergenza.<br \/>\nLa relatrice ha infine risposto a una serie incalzante di domande su prospettive e futuro possibile del ruolo del caregiver familiare. Infine, rispondendo ad una domanda su quali fossero i punti centrali della legislazione regionale emiliana, ha dichiarato: \u201c In sintesi: la Legge parla di visibilit\u00e0 dei caregiver perch\u00e9 il riconoscimento \u00e8 veicolo di autostima, parla di sostenibilit\u00e0 perch\u00e9 solo nell\u2019integrazione fra servizi pubblici, lavoro privato di cura e contributo dei caregiver \u00e8 possibile affrontare il peso delle cure, parla di innovazione sociale perch\u00e9 solo dall\u2019ascolto dei bisogni nasce il cambiamento del welfare\u201d<\/p>\n","protected":false},"excerpt":{"rendered":"<p>Marted\u00ec 11 ottobre si \u00e8 svolto a Bergamo il  primo del ciclo di incontri dal titolo \u201cPAROLE DI CURA\u201d. L\u2019incontro, promosso dall\u2019Associazione bergamasca \u201cAbitare le et\u00e0\u201d che si pone l\u2019obiettivo di sviluppare una importante azione di sensibilizzazione culturale e di promozione sociale sui temi della societ\u00e0 dell\u2019invecchiamento e per un welfare comunitario rinnovato.  Relatrice dell\u2019incontro Loredana Ligabue ,direttrice della Cooperativa Anziani e non solo, intervistata dalla giornalista  Susanna Pesenti.<\/p>\n","protected":false},"author":1,"featured_media":1512,"comment_status":"closed","ping_status":"closed","sticky":false,"template":"","format":"standard","meta":{"footnotes":""},"categories":[116],"tags":[],"class_list":["post-7275","post","type-post","status-publish","format-standard","has-post-thumbnail","hentry","category-carfam"],"_links":{"self":[{"href":"https:\/\/www.anzianienonsolo.it\/online\/wp-json\/wp\/v2\/posts\/7275"}],"collection":[{"href":"https:\/\/www.anzianienonsolo.it\/online\/wp-json\/wp\/v2\/posts"}],"about":[{"href":"https:\/\/www.anzianienonsolo.it\/online\/wp-json\/wp\/v2\/types\/post"}],"author":[{"embeddable":true,"href":"https:\/\/www.anzianienonsolo.it\/online\/wp-json\/wp\/v2\/users\/1"}],"replies":[{"embeddable":true,"href":"https:\/\/www.anzianienonsolo.it\/online\/wp-json\/wp\/v2\/comments?post=7275"}],"version-history":[{"count":0,"href":"https:\/\/www.anzianienonsolo.it\/online\/wp-json\/wp\/v2\/posts\/7275\/revisions"}],"wp:featuredmedia":[{"embeddable":true,"href":"https:\/\/www.anzianienonsolo.it\/online\/wp-json\/wp\/v2\/media\/1512"}],"wp:attachment":[{"href":"https:\/\/www.anzianienonsolo.it\/online\/wp-json\/wp\/v2\/media?parent=7275"}],"wp:term":[{"taxonomy":"category","embeddable":true,"href":"https:\/\/www.anzianienonsolo.it\/online\/wp-json\/wp\/v2\/categories?post=7275"},{"taxonomy":"post_tag","embeddable":true,"href":"https:\/\/www.anzianienonsolo.it\/online\/wp-json\/wp\/v2\/tags?post=7275"}],"curies":[{"name":"wp","href":"https:\/\/api.w.org\/{rel}","templated":true}]}}