{"id":7273,"date":"2016-09-14T09:28:32","date_gmt":"2016-09-14T07:28:32","guid":{"rendered":"http:\/\/www.anzianienonsolo.it\/?p=1469"},"modified":"2016-09-14T09:28:32","modified_gmt":"2016-09-14T07:28:32","slug":"caregiver-e-formazione","status":"publish","type":"post","link":"https:\/\/www.anzianienonsolo.it\/online\/caregiver-e-formazione\/","title":{"rendered":"Caregiver e formazione"},"content":{"rendered":"<p>Sabato 10 settembre presso l\u2019aula Multimediale del Centro di formazione professionale \u201cO.Bufalini\u201d di citt\u00e0 di Castello (PG) si \u00e8 tenuto l\u2019incontro sul tema \u201dIL RUOLO DEL CAREGIVER E IL  VALORE DELLA FORMAZIONE\u201d.<br \/>\nL\u2019incontoro che si \u00e8 svolto nell&#8217;ambito della rassegna di iniziative \u201cANZIANINONSOLO Una comunit\u00e0 di risorse\u201d, organizzata dalla Cooperativa sociale La Rondine con  la collaborazione, fra gli altri  del Comune di Citt\u00e0 di castello, dell\u2019USL, dell\u2019Associazione malati di Alzheimer e di UMANA s.p.a. Agenzia per il lavoro.<br \/>\nLa rassegna di spettacoli, convegni, performances e proiezione di film \u00e8 iniziata nel dicembre 2015 e proseguir\u00e0 fino a fine settembre.<br \/>\nIl Convegno di sabato scorso che ha visto la partecipazione attenta di famigliari, operatori e rappresentanti delle istituzioni \u00e8 stato incentrato sulla relazione di Federico Boccaletti, Presidente della Cooperativa Anziani e non solo che ha affrontato le tematiche della cura nella societ\u00e0 dell\u2019invecchiamento e della fragilit\u00e0 che comportano nuovi approcci e una iniziativa basata sullo sviluppo delle competenze e capacit\u00e0 di dialogo fra servizi e, operatori e famiglie che si centra sulla informazione e  sulla condivisione di percorsi formativi.<br \/>\nCi\u00f2 anche impiegando nuove tecnologie, cos\u00ec come gi\u00e0 a citt\u00e0 di Castello \u00e8 stato fatto, nell&#8217;ambito del progetto Home care premium, mettendo a disposizione, grazie alla collaborazione fra Umana e la Cooperativa la Rondine, percorsi formativi \u201c<em>online<\/em>\u201d realizzati da Anzaini e non solo, che sono stati seguiti con  attenzione e  partecipazione.<\/p>\n","protected":false},"excerpt":{"rendered":"<p>Sabato 10 settembre presso l\u2019aula Multimediale del Centro di formazione professionale \u201cO.Bufalini\u201d di citt\u00e0 di Castello (PG) si \u00e8 tenuto l\u2019incontro sul tema \u201dIL RUOLO DEL CAREGIVER E IL  VALORE DELLA FORMAZIONE\u201d<\/p>\n","protected":false},"author":1,"featured_media":1242,"comment_status":"closed","ping_status":"closed","sticky":false,"template":"","format":"standard","meta":{"footnotes":""},"categories":[116,121,120],"tags":[],"class_list":["post-7273","post","type-post","status-publish","format-standard","has-post-thumbnail","hentry","category-carfam","category-formazione","category-generale"],"_links":{"self":[{"href":"https:\/\/www.anzianienonsolo.it\/online\/wp-json\/wp\/v2\/posts\/7273"}],"collection":[{"href":"https:\/\/www.anzianienonsolo.it\/online\/wp-json\/wp\/v2\/posts"}],"about":[{"href":"https:\/\/www.anzianienonsolo.it\/online\/wp-json\/wp\/v2\/types\/post"}],"author":[{"embeddable":true,"href":"https:\/\/www.anzianienonsolo.it\/online\/wp-json\/wp\/v2\/users\/1"}],"replies":[{"embeddable":true,"href":"https:\/\/www.anzianienonsolo.it\/online\/wp-json\/wp\/v2\/comments?post=7273"}],"version-history":[{"count":0,"href":"https:\/\/www.anzianienonsolo.it\/online\/wp-json\/wp\/v2\/posts\/7273\/revisions"}],"wp:featuredmedia":[{"embeddable":true,"href":"https:\/\/www.anzianienonsolo.it\/online\/wp-json\/wp\/v2\/media\/1242"}],"wp:attachment":[{"href":"https:\/\/www.anzianienonsolo.it\/online\/wp-json\/wp\/v2\/media?parent=7273"}],"wp:term":[{"taxonomy":"category","embeddable":true,"href":"https:\/\/www.anzianienonsolo.it\/online\/wp-json\/wp\/v2\/categories?post=7273"},{"taxonomy":"post_tag","embeddable":true,"href":"https:\/\/www.anzianienonsolo.it\/online\/wp-json\/wp\/v2\/tags?post=7273"}],"curies":[{"name":"wp","href":"https:\/\/api.w.org\/{rel}","templated":true}]}}