{"id":437,"date":"2014-08-06T14:39:03","date_gmt":"2014-08-06T14:39:03","guid":{"rendered":"http:\/\/www.informanziani.it\/Eden\/?p=437"},"modified":"2014-08-06T14:39:03","modified_gmt":"2014-08-06T14:39:03","slug":"linea-vesta-on-line-il-sito-della-linea-di-abbigliamento-per-la-non-autosufficienza","status":"publish","type":"post","link":"https:\/\/www.anzianienonsolo.it\/online\/linea-vesta-on-line-il-sito-della-linea-di-abbigliamento-per-la-non-autosufficienza\/","title":{"rendered":"Linea Vesta: on line il sito della linea di abbigliamento per la non autosufficienza"},"content":{"rendered":"<p>VESTA \u00e8 una linea di capi di abbigliamento intimo ed esterno per uomo e donna, in grado di rispondere alle difficolt\u00e0 di vestizione e svestizione di persone allettate o affette da patologie come ictus, Morbo di Parkinson, Demenze senili, Morbo di Alzheimer\u2026 ma risponde anche ai bisogni di persone con perdite di autonomie temporanee connesse ad esempio ad una caduta, ad un intervento chirurgico o semplicemente alla ricerca del massimo comfort e facilit\u00e0 all\u2019indosso. Nei capi della linea VESTA sono stati studiati a tal fine particolari accorgimenti di modellatura, di allacciatura, di manutenzione, scegliendo altres\u00ec tessuti in grado di garantire traspirabilit\u00e0, elasticit\u00e0, indeformabilit\u00e0, semplicit\u00e0 di lavaggio e manutenzione etc.<br \/>\n(con il supporto di Anziani e non solo, gi\u00e0 partner del progetto TAGS &#8211; <a href=\"http:\/\/www.textilesforageingsociety.eu\">www.textilesforageingsociety.eu<\/a>)<\/p>\n","protected":false},"excerpt":{"rendered":"<p>VESTA \u00e8 una linea di capi di abbigliamento intimo ed esterno per uomo e donna, in grado di rispondere alle difficolt\u00e0 di vestizione e svestizione di persone allettate o affette da patologie come ictus, Morbo di Parkinson, Demenze senili, Morbo di Alzheimer\u2026 <\/p>\n","protected":false},"author":1,"featured_media":438,"comment_status":"open","ping_status":"open","sticky":false,"template":"","format":"standard","meta":{"footnotes":""},"categories":[120,118],"tags":[],"class_list":["post-437","post","type-post","status-publish","format-standard","has-post-thumbnail","hentry","category-generale","category-societa-dellinvecchiamento"],"_links":{"self":[{"href":"https:\/\/www.anzianienonsolo.it\/online\/wp-json\/wp\/v2\/posts\/437"}],"collection":[{"href":"https:\/\/www.anzianienonsolo.it\/online\/wp-json\/wp\/v2\/posts"}],"about":[{"href":"https:\/\/www.anzianienonsolo.it\/online\/wp-json\/wp\/v2\/types\/post"}],"author":[{"embeddable":true,"href":"https:\/\/www.anzianienonsolo.it\/online\/wp-json\/wp\/v2\/users\/1"}],"replies":[{"embeddable":true,"href":"https:\/\/www.anzianienonsolo.it\/online\/wp-json\/wp\/v2\/comments?post=437"}],"version-history":[{"count":0,"href":"https:\/\/www.anzianienonsolo.it\/online\/wp-json\/wp\/v2\/posts\/437\/revisions"}],"wp:featuredmedia":[{"embeddable":true,"href":"https:\/\/www.anzianienonsolo.it\/online\/wp-json\/wp\/v2\/media\/438"}],"wp:attachment":[{"href":"https:\/\/www.anzianienonsolo.it\/online\/wp-json\/wp\/v2\/media?parent=437"}],"wp:term":[{"taxonomy":"category","embeddable":true,"href":"https:\/\/www.anzianienonsolo.it\/online\/wp-json\/wp\/v2\/categories?post=437"},{"taxonomy":"post_tag","embeddable":true,"href":"https:\/\/www.anzianienonsolo.it\/online\/wp-json\/wp\/v2\/tags?post=437"}],"curies":[{"name":"wp","href":"https:\/\/api.w.org\/{rel}","templated":true}]}}