{"id":2793,"date":"2020-12-17T12:00:39","date_gmt":"2020-12-17T11:00:39","guid":{"rendered":"https:\/\/www.anzianienonsolo.it\/?p=2793"},"modified":"2021-01-21T16:38:46","modified_gmt":"2021-01-21T15:38:46","slug":"un-vademecum-per-proteggere-i-familiari-dal-covid-ecco-il-video-tutorial-per-i-caregiver","status":"publish","type":"post","link":"https:\/\/www.anzianienonsolo.it\/online\/un-vademecum-per-proteggere-i-familiari-dal-covid-ecco-il-video-tutorial-per-i-caregiver\/","title":{"rendered":"Un vademecum per proteggere i familiari dal Covid"},"content":{"rendered":"\n<p><em>\u00c8 online il video realizzato per l\u2019Ausl dalla cooperativa \u2018Anziani e non solo\u2019<\/em>. <em>Il filmato spiega in maniera semplice e pratica quali sono le migliori azioni di prevenzione<\/em>.<\/p>\n\n\n\n<p>Un \u201ctutorial\u201d per aiutare i caregiver a prendersi cura dei propri cari, specialmente in questa fase Covid. \u00c8 on-line su una&nbsp;<a rel=\"noreferrer noopener\" href=\"http:\/\/www.ausl.mo.it\/caregiver\" target=\"_blank\">pagina web dedicata<\/a>&nbsp;che l\u2019Azienda USL di Modena ha predisposto proprio per i caregiver, il video che ricorda a famiglie ed assistenti familiari i corretti comportamenti da mettere in atto per prevenire la diffusione del virus tra le mura domestiche. Tra i contenuti vi sono infatti sia conoscenze di base sul Sars-CoV-2, sia le regole da applicare per l\u2019uso corretto dei dispositivi di protezione personale, il rispetto del distanziamento, l\u2019igiene e la sanificazione degli ambienti domestici.<\/p>\n\n\n\n<p>La clip animata \u00e8 caratterizzata da spiegazioni semplici e comprensibili. Della durata di circa 34 minuti, \u00e8 stata realizzata per l\u2019Azienda USL di Modena dalla Cooperativa sociale \u201cAnziani e non solo\u201d. Fondamentale per la riuscita del progetto, il lavoro corale a cui hanno contribuito diversi servizi Ausl, tra cui i professionisti dell\u2019Unit\u00e0 operativa Igiene e Controllo delle Infezioni correlate all\u2019assistenza, del Servizio Igiene Pubblica e delle Cure Primarie.<\/p>\n\n\n\n<p>Contestualmente \u00e8 stata realizzata la pagina dedicata ai caregiver, contenente anche il video, raggiungibile al link:&nbsp;<a href=\"http:\/\/www.ausl.mo.it\/caregiver\" rel=\"noreferrer noopener\" target=\"_blank\">http:\/\/www.ausl.mo.it\/caregiver<\/a>. Attraverso di essa saranno predisposti e diffusi contenuti specifici per aiutare chi si prende cura di una persona anziana o fragile. Ci\u00f2 \u00e8 stato possibile attraverso il Fondo per il caregiver,&nbsp;finanziato dalla Regione Emilia-Romagna, che \u00e8 finalizzato anche ad attivit\u00e0 di formazione legate all\u2019emergenza covid.<\/p>\n\n\n\n<p><em>\u201cIl nostro sforzo \u00e8 stato sviluppare i contenuti tecnico-scientifici e le indicazioni operative dei professionisti dell\u2019AUSL in una modalit\u00e0 di comunicazione online il pi\u00f9 possibile chiara e di semplice fruizione \u2013 dichiara&nbsp;<strong>Federico Boccaletti<\/strong>, Vice-presidente della cooperativa Anziani e non solo \u2013. Il video tutorial, prima della sua pubblicazione in rete, \u00e8 stato testato con successo su un primo gruppo di utenti e potr\u00e0 essere la base di percorsi formativi strutturati\u201d.<\/em><\/p>\n\n\n\n<p><br><em>\u201cSin dalla prima ondata \u2013 dichiara&nbsp;<strong>Federica Rolli<\/strong>, Direttrice socio-sanitaria dell\u2019Azienda USL \u2013 abbiamo lavorato molto con il Dipartimento di sanit\u00e0 pubblica e in particolare con&nbsp;<\/em><em>l\u2019Unit\u00e0 operativa Igiene e Controllo delle Infezioni correlate all\u2019assistenza perch\u00e9 le informazioni fossero semplici e corrette. Con loro abbiamo organizzato momenti di formazione su pi\u00f9 livelli, abbiamo prodotto documenti di approfondimento a supporto di chi si occupa di persone anziane e fragili. Con questo video vogliamo fornire uno strumento in pi\u00f9, non solo per assistenti familiari e badanti, ma anche per tutti i nostri cittadini che devono prendersi cura, tutto il giorno o solo per qualche ora, dei propri familiari, perch\u00e9 possano accudirli in sicurezza prestando le giuste attenzioni\u201d.<\/em><\/p>\n","protected":false},"excerpt":{"rendered":"<p>\u00c8 online il video realizzato per l\u2019Ausl dalla cooperativa \u2018Anziani e non solo\u2019. Il filmato spiega in maniera semplice e pratica quali sono le migliori azioni di prevenzione.<\/p>\n","protected":false},"author":1,"featured_media":8054,"comment_status":"open","ping_status":"open","sticky":false,"template":"","format":"standard","meta":{"footnotes":""},"categories":[120,178],"tags":[],"class_list":["post-2793","post","type-post","status-publish","format-standard","has-post-thumbnail","hentry","category-generale","category-in-primo-piano"],"_links":{"self":[{"href":"https:\/\/www.anzianienonsolo.it\/online\/wp-json\/wp\/v2\/posts\/2793"}],"collection":[{"href":"https:\/\/www.anzianienonsolo.it\/online\/wp-json\/wp\/v2\/posts"}],"about":[{"href":"https:\/\/www.anzianienonsolo.it\/online\/wp-json\/wp\/v2\/types\/post"}],"author":[{"embeddable":true,"href":"https:\/\/www.anzianienonsolo.it\/online\/wp-json\/wp\/v2\/users\/1"}],"replies":[{"embeddable":true,"href":"https:\/\/www.anzianienonsolo.it\/online\/wp-json\/wp\/v2\/comments?post=2793"}],"version-history":[{"count":1,"href":"https:\/\/www.anzianienonsolo.it\/online\/wp-json\/wp\/v2\/posts\/2793\/revisions"}],"predecessor-version":[{"id":7285,"href":"https:\/\/www.anzianienonsolo.it\/online\/wp-json\/wp\/v2\/posts\/2793\/revisions\/7285"}],"wp:featuredmedia":[{"embeddable":true,"href":"https:\/\/www.anzianienonsolo.it\/online\/wp-json\/wp\/v2\/media\/8054"}],"wp:attachment":[{"href":"https:\/\/www.anzianienonsolo.it\/online\/wp-json\/wp\/v2\/media?parent=2793"}],"wp:term":[{"taxonomy":"category","embeddable":true,"href":"https:\/\/www.anzianienonsolo.it\/online\/wp-json\/wp\/v2\/categories?post=2793"},{"taxonomy":"post_tag","embeddable":true,"href":"https:\/\/www.anzianienonsolo.it\/online\/wp-json\/wp\/v2\/tags?post=2793"}],"curies":[{"name":"wp","href":"https:\/\/api.w.org\/{rel}","templated":true}]}}