{"id":2777,"date":"2020-11-25T10:11:39","date_gmt":"2020-11-25T09:11:39","guid":{"rendered":"https:\/\/www.anzianienonsolo.it\/?p=2777"},"modified":"2021-01-05T17:19:00","modified_gmt":"2021-01-05T16:19:00","slug":"25-novembre-giornata-internazionale-per-leliminazione-della-violenza-contro-le-donne-non-dimentichiamoci-delle-donne-disabili","status":"publish","type":"post","link":"https:\/\/www.anzianienonsolo.it\/online\/25-novembre-giornata-internazionale-per-leliminazione-della-violenza-contro-le-donne-non-dimentichiamoci-delle-donne-disabili\/","title":{"rendered":"25 Novembre: Giornata contro la violenza sulle donne"},"content":{"rendered":"\n<p>Il 25 novembre si celebra la Giornata Internazionale per&nbsp;l&#8217;eliminazione della&nbsp;<em>violenza contro<\/em>&nbsp;le&nbsp;<em>donne<\/em>, indetta dall\u2019Assemblea Generale delle Nazioni unite. Un\u2019opportunit\u00e0 per riaffermare l\u2019impegno di governi, organizzazioni e cittadini contro ogni forma di discriminazione e violenza contro le donne.<\/p>\n\n\n\n<p>In questa occasione, il partenariato del progetto Europeo&nbsp;<a href=\"https:\/\/staysafeproject.eu\/\">Stay Safe<\/a>&nbsp;richiama ad un\u2019attenzione specifica alle difficolt\u00e0 incontrate dalle donne con disabilit\u00e0 vittime di violenza di genere e sessuale e lancia gli esiti di una ricerca internazionale condotta in Italia, Grecia, Lituania, Spagna e Portogallo.<\/p>\n\n\n\n<p>L\u2019indagine, che ha coinvolto sia donne con disabilit\u00e0 psico-sociali che operatori professionali, mostra che&nbsp;<strong>bench\u00e9 le donne con disabilit\u00e0 siano esposte al maggior rischio di essere vittime di violenza di genere<\/strong><a href=\"applewebdata:\/\/4289F4E8-CCBE-4052-8407-D6475850A6A2#_ftn1\"><sup><strong><sup><strong>[1]<\/strong><\/sup><\/strong><\/sup><\/a><strong>, esse siano spesso incapaci di riconoscerle e di cercare aiuto.&nbsp;&nbsp;E quando lo fanno, si scontrano con ulteriori difficolt\u00e0 legate all\u2019assenza di servizi mirati e alla mancanza di competenze specifiche degli operatori.<\/strong><\/p>\n\n\n\n<p><em>\u201cCi\u00f2 che emerge da questa analisi \u00e8 che, bench\u00e9 in Italia stia progressivamente aumentando l\u2019attenzione al tema della violenza di genere e si sia evoluto l\u2019approccio verso la sessualit\u00e0 delle persone disabili, la violenza e gli abusi sessuali perpetrati nei confronti di donne con disabilit\u00e0 appaiono ancora come un fenomeno poco conosciuto dagli operatori del settore e poco indagato dalla ricerca. Questo nonostante i dati disponibili, per quanto parziali e limitati, evidenzino purtroppo una diffusione significativa e preoccupante del fenomeno.&nbsp;&nbsp;Mancano, in Italia, anche buone prassi di intervento consolidate ed \u00e8 molto limitato il numero di progetti che ha cercato di intervenire specificamente su questa tematica, approfondendola e sperimentando specifiche modalit\u00e0 di intervento \u201c,&nbsp;<\/em>dichiara Licia Boccaletti, coordinatrice del progetto.<\/p>\n\n\n\n<p>Il Progetto Stay Safe proseguir\u00e0 ora cercando di contribuire ad affrontare queste problematiche, progettando e sperimentando: un intervento formativo rivolto agli operatori che lavorano nei settori della disabilit\u00e0 e della violenza di genere, affinch\u00e9 acquisiscano le competenze necessarie a supportare le vittime e uno rivolto direttamente alle donne con disabilit\u00e0 psico-sociali, affinch\u00e9 siano in grado di riconoscere e di rispondere alle molestie.&nbsp;<\/p>\n\n\n\n<p>I report di ricerca internazionali sono disponibili su:&nbsp;<a href=\"https:\/\/staysafeproject.eu\/outputs\/\">https:\/\/staysafeproject.eu\/outputs\/<\/a><\/p>\n\n\n\n<p>Il report nazionale italiano \u00e8 scaricabile da:&nbsp;<a href=\"https:\/\/staysafeproject.eu\/download\/1595\/\">https:\/\/staysafeproject.eu\/download\/1595\/<\/a><\/p>\n\n\n\n<p>Le attivit\u00e0 del progetto possono essere seguite su:&nbsp;&nbsp;<a href=\"http:\/\/www.staysafe.eu\/\">www.staysafe.eu<\/a><\/p>\n\n\n\n<p>***<\/p>\n\n\n\n<p>Stay Safe \u00e8 un progetto biennale finanziato dall\u2019Unione Europea tramite il programma REC (Right, Equality and Citizenship programme).&nbsp;<\/p>\n\n\n\n<p>\u00c8 realizzato da una partnership internazionale coordinata da Anziani e non solo (Italia) e composta da EDRA (Grecia), Safe Space e Universit\u00e0 di Porto (Portogoallo), SIF (Lituania), Intras (Spagna) e la rete europea Eurocarers, con sede in Belgio.<\/p>\n\n\n\n<p><strong>Contatti:<\/strong>Anziani e non solo soc. coop. soc. | via Lenin 55, Carpi (MO)| Tel. 059 645 421 |&nbsp;<a href=\"mailto:progetti@anzianienonsolo.it\">progetti@anzianienonsolo.it<\/a>&nbsp;|&nbsp;<a href=\"http:\/\/www.anzianienonsolo.it\/\">www.anzianienonsolo.it<\/a><\/p>\n\n\n\n<hr class=\"wp-block-separator\"\/>\n\n\n\n<p><a href=\"applewebdata:\/\/4289F4E8-CCBE-4052-8407-D6475850A6A2#_ftnref1\"><sup>[1]<\/sup><\/a>&nbsp;Hughes, Karen, et al. &#8220;Prevalence and risk of violence against adults with disabilities: a systematic review and meta-analysis of observational studies.&#8221; The Lancet 379.9826 (2012): 1621-1629. &#8211;<\/p>\n","protected":false},"excerpt":{"rendered":"<p>In questa occasione, il partenariato del progetto Europeo Stay Safe richiama ad un\u2019attenzione specifica alle difficolt\u00e0 incontrate dalle donne con disabilit\u00e0 vittime di violenza di genere e sessuale e lancia gli esiti di una ricerca internazionale condotta in Italia, Grecia, Lituania, Spagna e Portogallo.<\/p>\n","protected":false},"author":1,"featured_media":7294,"comment_status":"closed","ping_status":"closed","sticky":false,"template":"","format":"standard","meta":{"footnotes":""},"categories":[120,178,115],"tags":[],"class_list":["post-2777","post","type-post","status-publish","format-standard","has-post-thumbnail","hentry","category-generale","category-in-primo-piano","category-pre-viol-ab"],"_links":{"self":[{"href":"https:\/\/www.anzianienonsolo.it\/online\/wp-json\/wp\/v2\/posts\/2777"}],"collection":[{"href":"https:\/\/www.anzianienonsolo.it\/online\/wp-json\/wp\/v2\/posts"}],"about":[{"href":"https:\/\/www.anzianienonsolo.it\/online\/wp-json\/wp\/v2\/types\/post"}],"author":[{"embeddable":true,"href":"https:\/\/www.anzianienonsolo.it\/online\/wp-json\/wp\/v2\/users\/1"}],"replies":[{"embeddable":true,"href":"https:\/\/www.anzianienonsolo.it\/online\/wp-json\/wp\/v2\/comments?post=2777"}],"version-history":[{"count":1,"href":"https:\/\/www.anzianienonsolo.it\/online\/wp-json\/wp\/v2\/posts\/2777\/revisions"}],"predecessor-version":[{"id":7295,"href":"https:\/\/www.anzianienonsolo.it\/online\/wp-json\/wp\/v2\/posts\/2777\/revisions\/7295"}],"wp:featuredmedia":[{"embeddable":true,"href":"https:\/\/www.anzianienonsolo.it\/online\/wp-json\/wp\/v2\/media\/7294"}],"wp:attachment":[{"href":"https:\/\/www.anzianienonsolo.it\/online\/wp-json\/wp\/v2\/media?parent=2777"}],"wp:term":[{"taxonomy":"category","embeddable":true,"href":"https:\/\/www.anzianienonsolo.it\/online\/wp-json\/wp\/v2\/categories?post=2777"},{"taxonomy":"post_tag","embeddable":true,"href":"https:\/\/www.anzianienonsolo.it\/online\/wp-json\/wp\/v2\/tags?post=2777"}],"curies":[{"name":"wp","href":"https:\/\/api.w.org\/{rel}","templated":true}]}}