{"id":2732,"date":"2020-10-22T15:27:19","date_gmt":"2020-10-22T13:27:19","guid":{"rendered":"https:\/\/www.anzianienonsolo.it\/?p=2732"},"modified":"2020-10-22T15:27:19","modified_gmt":"2020-10-22T13:27:19","slug":"non-cerco-lavoro-io-creo-lavoro-guida-metodologica-social-seed","status":"publish","type":"post","link":"https:\/\/www.anzianienonsolo.it\/online\/non-cerco-lavoro-io-creo-lavoro-guida-metodologica-social-seed\/","title":{"rendered":"\u201cNON CERCO LAVORO, IO CREO LAVORO\u201d: GUIDA METODOLOGICA SOCIAL SEED"},"content":{"rendered":"\n<p>Il partenariato Social SEED \u00e8 lieto di annunciare la&nbsp;conclusione della prima fase di progetto, durante la quale \u00e8 stata prodotta la guida metodologica di progettazione di un incubatore sociale per persone a rischio di esclusione. In collaborazione con aziende private, il progetto propone un approccio innovati-&nbsp;vo, creando legami di interconnessione tra il mondo&nbsp;delle imprese e gruppi di persone socialmente svan-&nbsp;taggiate. L\u2019imprenditorialit\u00e0 assume in quest\u2019ottica un ruolo chiave, configurandosi come opportunit\u00e0&nbsp;per avviare o trasformare radicalmente la propria&nbsp;vita lavorativa. A tal proposito \u00e8 infatti di grande ispi-&nbsp;razione l\u2019affermazione dell\u2019economista Muhammad Yunus che, come citato nel titolo, afferma&nbsp;<strong>\u201c<\/strong>Le per-&nbsp;sone dovrebbero svegliarsi e poter dire:&nbsp;<em>Non cerco lavoro, io creo lavoro<\/em>\u201d.<\/p>\n\n\n<p>Questo primo prodotto \u00e8 stato ottenuto tramite at-&nbsp;tivit\u00e0 di ricerca teorica ed empirica, per rilevare ed analizzare l\u2019attuale condizione europea, con un fo-&nbsp;cus specifico sui bisogni ed i limiti di questi gruppi&nbsp;di persone.<\/p>\n\n\n<p>Il coordinatore di progetto \u00c1lvaro Gil Vilacoba ha di-&nbsp;chiarato: \u201cIl partenariato strategico ha analizzato gli incubatori esistenti in Europa per definire le carat-&nbsp;teristiche principali che un progetto di questo tipo dovrebbe avere. Sono stati individuati fattori come il periodo di incubazione ottimale, il numero di pro-&nbsp;getti per bando o l\u2019offerta di contenuti formativi e questi saranno presi in considerazione nei prossimi stadi del progetto. \u00c8 stato inoltre determinato il tipo di relazione che dovrebbe esistere tra i diversi mem-&nbsp;bri dell\u2019incubatore e gli strumenti principali da uti-&nbsp;lizzare nel processo di formazione. In ultimo, \u00e8 stata analizzata l\u203aattuale offerta di incubatori pubblici e le difficolt\u00e0 che questo gruppo target affronta rispetto ad altre tipologie di persone\u201d.<\/p>\n\n\n<div class=\"wp-block-media-text alignwide is-stacked-on-mobile\" style=\"grid-template-columns:67% auto\"><figure class=\"wp-block-media-text__media\"><video controls src=\"http:\/\/www.anzianienonsolo.it\/online\/wp-content\/uploads\/2020\/10\/SocialSeed_pillole.mp4\"><\/video><\/figure><div class=\"wp-block-media-text__content\">\n<p><em>I nostri progetti Erasmus+ in pillole.<\/em><\/p>\n<\/div><\/div>\n\n\n<p>I risultati delle ricerche hanno sottolineato come la creazione d\u2019impresa sia un percorso complesso in cui fat-&nbsp;tori quali un gran numero di risorse, vaste reti, numerose conoscenze e competenze sono imprescindibili ed interconnessi. Si \u00e8 inoltre reso evidente come sia necessario considerare anche le specificit\u00e0 delle situazioni che vivono le persone a rischio di esclusione sociale, in cui i fattori sanitari, economici, cos\u00ec come le risorse formative e i contatti hanno un peso rilevante.<\/p>\n\n\n<p>Il progetto ha pertanto lo scopo di rilevare ci\u00f2 che dev\u2019essere preso in considerazione da un incubatore socia- le per supportare persone a rischio di esclusione con un approccio tecnico e metodico.<\/p>\n\n\n<p>Attraverso questo processo di analisi \u00e8 stato infatti possibile individuare la direzione da seguire e gli strumenti da utilizzare nelle fasi successive del progetto, durante le quali verr\u00e0 validata la metodologia di incubazione per creare nuove opportunit\u00e0 e modelli di sviluppo basati su una crescita economica inclusiva e sostenibile.<\/p>\n\n\n<p>La sintesi di questa prima ricerca \u00e8 disponibile in<strong> <a href=\"https:\/\/socialseedproject.eu\/download\/188\/\">italiano <\/a><\/strong>con i principali risultati delle attivit\u00e0 svolte. Per scaricarla, clicca su <a href=\"https:\/\/socialseedproject.eu\/download\/188\/\">https:\/\/socialseedproject.eu\/download\/188\/<\/a><\/p>\n\n\n<p>\u00c8 inoltre possibile scaricare il documento completo sugli aspetti pi\u00f9 rilevanti da considerare per la realizza-&nbsp;zione di un incubatore sociale per persone a rischio di esclusione al seguente link:&nbsp;<a href=\"https:\/\/socialseedproject. eu\/download\/175\">https:\/\/socialseedproject. eu\/download\/175<\/a><\/p>\n\n\n<p>Per maggiori informazioni, scarica il <a href=\"https:\/\/socialseedproject.eu\/wp-content\/uploads\/2020\/10\/Social_seed_PR2_IT.pdf\"><strong>comunicato stampa completo<\/strong><\/a><\/p>\n\n\n<p>Foto di copertina: Riccardo Annandale, <a href=\"https:\/\/unsplash.com\"><strong>Unsplash<\/strong><\/a><\/p>\n","protected":false},"excerpt":{"rendered":"<p>Il partenariato Social SEED \u00e8 lieto di annunciare la&nbsp;conclusione della prima fase di progetto, durante la quale \u00e8 stata prodotta la guida metodologica di progettazione di un incubatore sociale per persone a rischio di esclusione. In collaborazione con aziende private, il progetto propone un approccio innovati-&nbsp;vo, creando legami di interconnessione tra il mondo&nbsp;delle imprese e<\/p>\n","protected":false},"author":1,"featured_media":2733,"comment_status":"closed","ping_status":"closed","sticky":false,"template":"","format":"standard","meta":{"footnotes":""},"categories":[122],"tags":[],"class_list":["post-2732","post","type-post","status-publish","format-standard","has-post-thumbnail","hentry","category-silo"],"_links":{"self":[{"href":"https:\/\/www.anzianienonsolo.it\/online\/wp-json\/wp\/v2\/posts\/2732"}],"collection":[{"href":"https:\/\/www.anzianienonsolo.it\/online\/wp-json\/wp\/v2\/posts"}],"about":[{"href":"https:\/\/www.anzianienonsolo.it\/online\/wp-json\/wp\/v2\/types\/post"}],"author":[{"embeddable":true,"href":"https:\/\/www.anzianienonsolo.it\/online\/wp-json\/wp\/v2\/users\/1"}],"replies":[{"embeddable":true,"href":"https:\/\/www.anzianienonsolo.it\/online\/wp-json\/wp\/v2\/comments?post=2732"}],"version-history":[{"count":0,"href":"https:\/\/www.anzianienonsolo.it\/online\/wp-json\/wp\/v2\/posts\/2732\/revisions"}],"wp:featuredmedia":[{"embeddable":true,"href":"https:\/\/www.anzianienonsolo.it\/online\/wp-json\/wp\/v2\/media\/2733"}],"wp:attachment":[{"href":"https:\/\/www.anzianienonsolo.it\/online\/wp-json\/wp\/v2\/media?parent=2732"}],"wp:term":[{"taxonomy":"category","embeddable":true,"href":"https:\/\/www.anzianienonsolo.it\/online\/wp-json\/wp\/v2\/categories?post=2732"},{"taxonomy":"post_tag","embeddable":true,"href":"https:\/\/www.anzianienonsolo.it\/online\/wp-json\/wp\/v2\/tags?post=2732"}],"curies":[{"name":"wp","href":"https:\/\/api.w.org\/{rel}","templated":true}]}}