{"id":2723,"date":"2020-10-22T11:07:27","date_gmt":"2020-10-22T09:07:27","guid":{"rendered":"https:\/\/www.anzianienonsolo.it\/?p=2723"},"modified":"2020-10-22T11:07:27","modified_gmt":"2020-10-22T09:07:27","slug":"lancio-del-progetto-together","status":"publish","type":"post","link":"https:\/\/www.anzianienonsolo.it\/online\/lancio-del-progetto-together\/","title":{"rendered":"LANCIO DEL PROGETTO \u201cTOGETHER\u201d"},"content":{"rendered":"\n<p><em>Supportare i giovani caregiver attraverso un approccio che coinvolga l\u2019intera famiglia<\/em>.<\/p>\n\n\n<p>I giovani caregiver sono bambini e ragazzi con et\u00e0 inferiore ai 18 anni che forniscono cure, assistenza e sostegno a membri della propria famiglia con malattie croniche, fragilit\u00e0, disabilit\u00e0 o che hanno problemi di salute mentale o dipendenza.&nbsp;<strong>Questi ragazzi si occupano delle numerose attivit\u00e0 che l\u2019assistere una persona cara in una situazione di bisogno comporta<\/strong>. Oltre ai compiti pratici quali la cura della casa, l\u2019igiene personale, la gestione del budget familiare, essi si fanno carico anche del supporto emotivo.<\/p>\n\n\n<p>Sebbene sia stato documentato che il prestare assistenza pu\u00f2 anche a<strong>vere un impatto positivo<\/strong>, vi sono numerose evidenze che mostrano&nbsp;<strong>come questo ruolo possa avere sui giovani caregiver un impatto negativo&nbsp;<\/strong>in termini di benessere fisico e psicologico, vita&nbsp;sociale, rendimento scolastico ed opportunit\u00e0 di lavoro.<\/p>\n\n\n<p>Attualmente, in alcuni contesti, vi \u00e8 ancora una scarsa consapevolezza del fenomeno e&nbsp;capacit\u00e0 di identificare i giovani caregiver, molti dei quali restano invisibili senza poter&nbsp;ricevere adeguato supporto.<\/p>\n\n\n<p>In alcune famiglie, non si riesce ad associare un ragazzo o una ragazza al ruolo di caregiver&nbsp;e d\u2019altro canto, va sottolineato che essi stessi, spesso, non si identificano come tali.<\/p>\n\n\n<p><strong>Non di meno, si riscontra un certo grado di riluttanza, o persino timore, da parte delle famiglie nel rivelare le responsabilit\u00e0 di assistenza di cui investono i ragazzi<\/strong>.<\/p>\n\n\n<p>\u00c8 perci\u00f2 fondamentale affrontare la questione a livello europeo, supportando i giovani&nbsp;caregiver e le loro famiglie verso una comunicazione aperta che faccia emergere i bisogni e sostenga i ragazzi che assumono il ruolo di cura familiare.<\/p>\n\n\n<div class=\"wp-block-media-text alignwide is-stacked-on-mobile\" style=\"grid-template-columns:70% auto\"><figure class=\"wp-block-media-text__media\"><video controls src=\"http:\/\/www.anzianienonsolo.it\/online\/wp-content\/uploads\/2020\/10\/Together_pillole.mp4\"><\/video><\/figure><div class=\"wp-block-media-text__content\">\n<p><em>I nostri progetti Erasmus+ in pillole<\/em><\/p>\n<\/div><\/div>\n\n\n<p><strong>Qual \u00e8 l\u2019obiettivo di TOGETHER?<\/strong><\/p>\n\n\n<p>Il progetto TOGETHER finanziato dal programma Erasmus+, nel corso dei suoi 24 mesi&nbsp;di durata mira a sensibilizzare sul tema dei giovani caregiver, attivando delle azioni mirate anche al nucleo familiare di appartenenza.<\/p>\n\n\n<p><strong>Verranno quindi messi in campo delle attivit\u00e0 finalizzate al sostegno dei giovani caregiver ed interventi rivolti ai professionisti affinch\u00e9 adottino un approccio che&nbsp;<\/strong><strong>coinvolga l\u2019intera famiglia, favorendo la comunicazione sulla relazione di cura che, elemento da non tralasciare, coinvolga anche la persona assistita.<\/strong><\/p>\n\n\n<p><strong>Il programma verr\u00e0 attuato attraverso una serie di strumenti:<\/strong><\/p>\n\n\n<p>1) Il materiale di sensibilizzazione per informare giovani e adulti su quanto sia importante cooperare e sostenersi a vicenda quando c\u2019\u00e8 una responsabilit\u00e0 di cura in famiglia;<\/p>\n\n\n<p>2) Una proposta per un workshop formativo per giovani caregiver e le loro famiglie, con&nbsp;l\u2019obiettivo di stimolare un dialogo aperto riguardo l\u2019assistenza prestata, l\u2019impatto che questa pu\u00f2 avere sul giovane caregiver e come l\u2019intera famiglia pu\u00f2 supportarsi a vicenda;<\/p>\n\n\n<p>3) Un programma e-learning per professionisti al fine di promuovere un approccio che&nbsp;coinvolga l\u2019intera famiglia nel supporto fornito al giovane caregiver.<\/p>\n\n\n<p>Il nostro obiettivo finale \u00e8 quello di avere un impatto positivo sulle famiglie al fine di incoraggiarle a supportare i giovani caregiver, ridurre gli effetti negativi che possono&nbsp;derivare dai compiti di cura, aumentando il benessere dei giovani, la loro inclusione sociale e il coinvolgimento della comunit\u00e0.<\/p>\n\n\n<p>Foto di copertina:&nbsp;<a href=\"https:\/\/unsplash.com\/@cdc?utm_source=unsplash&amp;utm_medium=referral&amp;utm_content=creditCopyText\">CDC<\/a>&nbsp;on&nbsp;<a href=\"https:\/\/unsplash.com\/s\/photos\/family?utm_source=unsplash&amp;utm_medium=referral&amp;utm_content=creditCopyText\">Unsplash<\/a><\/p>\n","protected":false},"excerpt":{"rendered":"<p>Supportare i giovani caregiver attraverso un approccio che coinvolga l\u2019intera famiglia. I giovani caregiver sono bambini e ragazzi con et\u00e0 inferiore ai 18 anni che forniscono cure, assistenza e sostegno a membri della propria famiglia con malattie croniche, fragilit\u00e0, disabilit\u00e0 o che hanno problemi di salute mentale o dipendenza.&nbsp;Questi ragazzi si occupano delle numerose attivit\u00e0<\/p>\n","protected":false},"author":1,"featured_media":2724,"comment_status":"closed","ping_status":"closed","sticky":false,"template":"","format":"standard","meta":{"footnotes":""},"categories":[173],"tags":[],"class_list":["post-2723","post","type-post","status-publish","format-standard","has-post-thumbnail","hentry","category-giovani-caregiver-2"],"_links":{"self":[{"href":"https:\/\/www.anzianienonsolo.it\/online\/wp-json\/wp\/v2\/posts\/2723"}],"collection":[{"href":"https:\/\/www.anzianienonsolo.it\/online\/wp-json\/wp\/v2\/posts"}],"about":[{"href":"https:\/\/www.anzianienonsolo.it\/online\/wp-json\/wp\/v2\/types\/post"}],"author":[{"embeddable":true,"href":"https:\/\/www.anzianienonsolo.it\/online\/wp-json\/wp\/v2\/users\/1"}],"replies":[{"embeddable":true,"href":"https:\/\/www.anzianienonsolo.it\/online\/wp-json\/wp\/v2\/comments?post=2723"}],"version-history":[{"count":0,"href":"https:\/\/www.anzianienonsolo.it\/online\/wp-json\/wp\/v2\/posts\/2723\/revisions"}],"wp:featuredmedia":[{"embeddable":true,"href":"https:\/\/www.anzianienonsolo.it\/online\/wp-json\/wp\/v2\/media\/2724"}],"wp:attachment":[{"href":"https:\/\/www.anzianienonsolo.it\/online\/wp-json\/wp\/v2\/media?parent=2723"}],"wp:term":[{"taxonomy":"category","embeddable":true,"href":"https:\/\/www.anzianienonsolo.it\/online\/wp-json\/wp\/v2\/categories?post=2723"},{"taxonomy":"post_tag","embeddable":true,"href":"https:\/\/www.anzianienonsolo.it\/online\/wp-json\/wp\/v2\/tags?post=2723"}],"curies":[{"name":"wp","href":"https:\/\/api.w.org\/{rel}","templated":true}]}}