{"id":2717,"date":"2020-10-05T11:15:07","date_gmt":"2020-10-05T09:15:07","guid":{"rendered":"https:\/\/www.anzianienonsolo.it\/?p=2717"},"modified":"2020-10-05T11:15:07","modified_gmt":"2020-10-05T09:15:07","slug":"tumore-al-seno-il-ruolo-centrale-della-formazione-per-promuovere-la-prevenzione","status":"publish","type":"post","link":"https:\/\/www.anzianienonsolo.it\/online\/tumore-al-seno-il-ruolo-centrale-della-formazione-per-promuovere-la-prevenzione\/","title":{"rendered":"TUMORE AL SENO: IL RUOLO CENTRALE DELLA FORMAZIONE PER PROMUOVERE LA PREVENZIONE"},"content":{"rendered":"\n<p><br \/><em>Un report sui bisogni e barriere che le donne caregiver affrontano nella prevenzione del cancro al seno<\/em>.<\/p>\n\n\n<p><br \/>Occuparsi di una persona con una patologia cronica comporta responsabilit\u00e0, impegno e dedizione. A tali elementi spesso si aggiungono stress, timore del futuro e mancanza di tempo per s\u00e9 stessi. Le donne che assumono il ruolo di caregiver famigliare affrontano sfide quotidiane che possono perci\u00f2 rendere difficile un ulteriore impegno nell\u2019attuare pratiche<br \/>di prevenzione, come ad esempio lo screening del tumore al seno.<br \/>Pi\u00f9 nel dettaglio, gli studi sui comportamenti dei caregiver familiari evidenziano la presenza di comportamenti preventivi negativi, come ad esempio il fatto di trascurare appuntamenti ad esami medici o l\u2019assunzione di diete alimentari di scarsa qualit\u00e0. Sebbene sia noto che il risultato delle terapie dipenda fortemente dalla tempistica di individuazione del<br \/>tumore \u2013 motivo per cui il Sistema Sanitario Nazionale segue le raccomandazioni dell\u2019Unione Europea in merito- l\u2019adesione delle donne ai programmi di screening \u00e8 relativamente bassa. Nell\u2019Unione Europea la percentuale delle donne che si sottopongono ad esame \u00e8 inferiore al 70%, soglia reputata standard minimo di accettabilit\u00e0 (Perry 2016).<\/p>\n\n\n<p><br \/>Il Progetto Prolepsis si fonda sulla ferma convinzione che la formazione ed un metodo creato su misura possano influenzare e modificare positivamente tale tendenza, aiutando le caregiver a cambiare stili di vita ed abitudini poco sane.<\/p>\n\n\n<p><br \/>Primo concreto risultato di progetto \u00e8 la creazione di un Report che riassume il punto di vista, le opinioni ed i vissuti di numerosi CAREGIVER E PROFESSIONISTI che hanno partecipato a FOCUS GROUP in Italia, Cipro e Portogallo.<\/p>\n\n\n<p>Ciascun partner ha cos\u00ec coordinato focus groups con donne caregiver e con professionisti selezionati &#8211; come educatori, infermieri, oncologi, professionisti della promozione della salute e rappresentanti di tutte le associazioni e societ\u00e0 professionali di rilievo (p.e. ONG attive sulle tematiche del tumore al seno). Lo scopo di tali incontri era raccogliere i bisogni, le attitudini, le credenze e percezioni che le donne caregiver manifestano, cos\u00ec da orientare e guidare la seconda fase del<br \/>progetto, ossia lo sviluppo di programmi formativi per esse.<\/p>\n\n\n<p><br \/>Tutte le caregiver intervistate hanno riconosciuto il valore della prevenzione, ma come anticipato alcune di esse dichiarano di non seguire i programmi di screening per via del senso di responsabilit\u00e0 e dalla mancanza di tempo legate al loro ruolo famigliare:<br \/><em>\u201cPi\u00f9 precoce \u00e8 la diagnosi, meglio \u00e8. Credo che oggi le persone siano pi\u00f9 consapevoli di questo e infatti l\u2019 OMS ha informato in merito.Non esiste nessuno che non sia spaventato da questa malattia o che non ne abbia sentito parlare\u201d<\/em><br \/><br \/><em>\u201cOnestamente non faccio spesso l\u2019autopalpazione al seno, mi sento sicura perch\u00e9 faccio la mammografia e gli esami ad ultrasuoni. Mi fanno stare serena\u201d<\/em><\/p>\n\n\n<p><br \/><em>\u201cFaccio spesso gli adeguati esami diagnostici perch\u00e8 ho paura di questa malattia. La mia preoccupazione \u00e8 che devo costantemente verificarlo.\u201d (P 3 CY)<\/em><\/p>\n\n\n<p><br \/><em>\u201cNon ho neanche il tempo per fare una doccia e \u2026far\u00f2 l\u2019autopalpazione al seno!\u2019 (P 2 CY)<\/em><\/p>\n\n\n<p><br \/><em>\u2018Sono una caregiver e non posso ammalarmi, anche se \u00e8 un ragionamento stupido, preferisco non sapere di potenziali<br \/>malattie\u2019<\/em><br \/><br \/>Il supporto della Commissione Europea per la produzione di questa pubblicazione non costituisce approvazione del contenuto che rispecchia esclusivamente il punto di vista degli autori, e la Commissione non pu\u00f2 essere ritenuta responsabile di alcun utilizzo che possa essere fatto delle informazioni in essa contenute.<br \/>Grazie a queste conclusioni ed analisi dei dati, Prolepsis intende creare consapevolezza rispetto alle sfide affrontate dalle Caregiver famigliari e dai professionisti che lavorano in questo campo.<\/p>\n\n\n<figure class=\"wp-block-image size-large\"><img fetchpriority=\"high\" decoding=\"async\" width=\"1024\" height=\"1024\" src=\"http:\/\/www.anzianienonsolo.it\/online\/wp-content\/uploads\/2020\/10\/card_prolepsis_mese_prevenzione-1024x1024.jpg\" alt=\"\" class=\"wp-image-2719\" srcset=\"https:\/\/www.anzianienonsolo.it\/online\/wp-content\/uploads\/2020\/10\/card_prolepsis_mese_prevenzione-1024x1024.jpg 1024w, https:\/\/www.anzianienonsolo.it\/online\/wp-content\/uploads\/2020\/10\/card_prolepsis_mese_prevenzione-300x300.jpg 300w, https:\/\/www.anzianienonsolo.it\/online\/wp-content\/uploads\/2020\/10\/card_prolepsis_mese_prevenzione-100x100.jpg 100w, https:\/\/www.anzianienonsolo.it\/online\/wp-content\/uploads\/2020\/10\/card_prolepsis_mese_prevenzione-600x600.jpg 600w, https:\/\/www.anzianienonsolo.it\/online\/wp-content\/uploads\/2020\/10\/card_prolepsis_mese_prevenzione-150x150.jpg 150w, https:\/\/www.anzianienonsolo.it\/online\/wp-content\/uploads\/2020\/10\/card_prolepsis_mese_prevenzione-768x768.jpg 768w, https:\/\/www.anzianienonsolo.it\/online\/wp-content\/uploads\/2020\/10\/card_prolepsis_mese_prevenzione-1536x1536.jpg 1536w, https:\/\/www.anzianienonsolo.it\/online\/wp-content\/uploads\/2020\/10\/card_prolepsis_mese_prevenzione-2048x2048.jpg 2048w, https:\/\/www.anzianienonsolo.it\/online\/wp-content\/uploads\/2020\/10\/card_prolepsis_mese_prevenzione-50x50.jpg 50w, https:\/\/www.anzianienonsolo.it\/online\/wp-content\/uploads\/2020\/10\/card_prolepsis_mese_prevenzione-320x320.jpg 320w\" sizes=\"(max-width: 1024px) 100vw, 1024px\" \/><\/figure>\n\n\n<p><br \/>Il Progetto ha un proprio sito web <strong><a href=\"https:\/\/prolepsis.eu\/\">https:\/\/prolepsis.eu\/<\/a> <\/strong>ed il report completo\u201cRISULTATI DEI FOCUS GROUP sono disponibili qui <a href=\"https:\/\/prolepsis.eu\/documents\/\"><strong>https:\/\/prolepsis.eu\/documents\/<\/strong><\/a><\/p>\n\n\n<hr class=\"wp-block-separator\"\/>\n\n\n<p>Prolepsis \u00e8 co-finanziato dalla Commissione Europea secondo l\u2019Accordo di Convenzione: n\u00b0 2019 \u2013 1 \u2013 CY01-KA204-058266<\/p>\n\n\n<p><br \/>Opuscoli del Progetto sono disponibili in Inglese, Italiano, Greco e Portoghese (<a href=\"https:\/\/prolepsis.eu\/the-project\/\">https:\/\/prolepsis.eu\/the-project\/<\/a>)<br \/>Seguiteci per le news ed aggiornamenti su Facebook e Twitter #PROLEPSIS_PROJECT<\/p>\n","protected":false},"excerpt":{"rendered":"<p>Le donne che assumono il ruolo di caregiver famigliare affrontano sfide quotidiane che possono perci\u00f2 rendere difficile un ulteriore impegno nell\u2019attuare pratiche di prevenzione, come ad esempio lo screening del tumore al seno. Un report sui bisogni e barriere che le donne caregiver affrontano nella prevenzione del cancro al seno.<\/p>\n","protected":false},"author":1,"featured_media":2718,"comment_status":"closed","ping_status":"closed","sticky":false,"template":"","format":"standard","meta":{"footnotes":""},"categories":[116],"tags":[],"class_list":["post-2717","post","type-post","status-publish","format-standard","has-post-thumbnail","hentry","category-carfam"],"_links":{"self":[{"href":"https:\/\/www.anzianienonsolo.it\/online\/wp-json\/wp\/v2\/posts\/2717"}],"collection":[{"href":"https:\/\/www.anzianienonsolo.it\/online\/wp-json\/wp\/v2\/posts"}],"about":[{"href":"https:\/\/www.anzianienonsolo.it\/online\/wp-json\/wp\/v2\/types\/post"}],"author":[{"embeddable":true,"href":"https:\/\/www.anzianienonsolo.it\/online\/wp-json\/wp\/v2\/users\/1"}],"replies":[{"embeddable":true,"href":"https:\/\/www.anzianienonsolo.it\/online\/wp-json\/wp\/v2\/comments?post=2717"}],"version-history":[{"count":0,"href":"https:\/\/www.anzianienonsolo.it\/online\/wp-json\/wp\/v2\/posts\/2717\/revisions"}],"wp:featuredmedia":[{"embeddable":true,"href":"https:\/\/www.anzianienonsolo.it\/online\/wp-json\/wp\/v2\/media\/2718"}],"wp:attachment":[{"href":"https:\/\/www.anzianienonsolo.it\/online\/wp-json\/wp\/v2\/media?parent=2717"}],"wp:term":[{"taxonomy":"category","embeddable":true,"href":"https:\/\/www.anzianienonsolo.it\/online\/wp-json\/wp\/v2\/categories?post=2717"},{"taxonomy":"post_tag","embeddable":true,"href":"https:\/\/www.anzianienonsolo.it\/online\/wp-json\/wp\/v2\/tags?post=2717"}],"curies":[{"name":"wp","href":"https:\/\/api.w.org\/{rel}","templated":true}]}}