{"id":2693,"date":"2020-09-08T12:00:00","date_gmt":"2020-09-08T10:00:00","guid":{"rendered":"https:\/\/www.anzianienonsolo.it\/?p=2693"},"modified":"2020-09-08T12:00:00","modified_gmt":"2020-09-08T10:00:00","slug":"6-ottobre-2020-prima-giornata-europea-dei-caregiver-familiariuna-sola-voce-per-tutti-i-caregiver-familiari-in-europa","status":"publish","type":"post","link":"https:\/\/www.anzianienonsolo.it\/online\/6-ottobre-2020-prima-giornata-europea-dei-caregiver-familiariuna-sola-voce-per-tutti-i-caregiver-familiari-in-europa\/","title":{"rendered":"6 OTTOBRE 2020 &#8211; Prima GIORNATA EUROPEA DEI CAREGIVER FAMILIARI:una sola voce per tutti i caregiver familiari in Europa"},"content":{"rendered":"\n<p>I<strong>NSIEME PER I CAREGIVER FAMILIARI ITALIANI E EUROPEI<\/strong><\/p>\n\n\n<p>La societ\u00e0 cooperativa sociale \u201c<strong>Anziani e non solo<\/strong>\u201d (Carpi-Modena), l\u2019associazione <strong>C\u2019ENTRO<\/strong> (Chioggia), l\u2019associazione \u201c<strong>De Banfield\u201d<\/strong> (Trieste), e l\u2019<strong>IRCCS INRCA-<\/strong><strong>Istituto Nazionale di Riposo e Cura per Anziani <\/strong>(Ancona, Osimo, Appignano, Fermo, Casatenovo, Cosenza), membri italiani di Eurocarers e quotidianamente in contatto con le difficolt\u00e0 vissute dai caregiver familiari, sostengono e promuovono la <strong>Prima Giornata Europea del Caregiver Familiare<\/strong>.<\/p>\n\n\n<figure class=\"wp-block-image size-large\"><img fetchpriority=\"high\" decoding=\"async\" width=\"1024\" height=\"268\" src=\"http:\/\/www.anzianienonsolo.it\/online\/wp-content\/uploads\/2020\/09\/loghicomunicato_6ottobre-1024x268.jpg\" alt=\"\" class=\"wp-image-2695\" srcset=\"https:\/\/www.anzianienonsolo.it\/online\/wp-content\/uploads\/2020\/09\/loghicomunicato_6ottobre-1024x268.jpg 1024w, https:\/\/www.anzianienonsolo.it\/online\/wp-content\/uploads\/2020\/09\/loghicomunicato_6ottobre-600x157.jpg 600w, https:\/\/www.anzianienonsolo.it\/online\/wp-content\/uploads\/2020\/09\/loghicomunicato_6ottobre-300x79.jpg 300w, https:\/\/www.anzianienonsolo.it\/online\/wp-content\/uploads\/2020\/09\/loghicomunicato_6ottobre-768x201.jpg 768w, https:\/\/www.anzianienonsolo.it\/online\/wp-content\/uploads\/2020\/09\/loghicomunicato_6ottobre-1536x402.jpg 1536w, https:\/\/www.anzianienonsolo.it\/online\/wp-content\/uploads\/2020\/09\/loghicomunicato_6ottobre.jpg 1906w\" sizes=\"(max-width: 1024px) 100vw, 1024px\" \/><\/figure>\n\n\n<p>Si stima che in Europa circa l\u201980% dell\u2019assistenza fornita a persone con malattie croniche, disabilit\u00e0 e altri bisogni assistenziali di lungo termine sia fornita da <strong>caregiver familiari<\/strong>, amici e vicini che si prendono cura dei propri cari a titolo completamente gratuito, spesso trascurando la propria salute, e sacrificando lavoro, affetti e riposo.<\/p>\n\n\n<p>In Italia si contano ufficialmente pi\u00f9 di 4 milioni di caregiver familiari, pari al 7% della popolazione (Eurocarers: <a href=\"https:\/\/eurocarers.org\/about-carers\/\">https:\/\/eurocarers.org\/about-carers\/<\/a>) ma, stime non ufficiali, ne arrivano a contare fino a 16 milioni (27% della popolazione). Definire il numero preciso di caregiver familiari infatti \u00e8 molto difficile per due ragioni: la mancanza di indagini specifiche e l\u2019invisibilit\u00e0 in cui essi trascorrono molte ore della loro giornata (cio\u00e8 nelle abitazioni dei loro assistiti), spesso con un basso grado di consapevolezza rispetto al grande sforzo che stanno compiendo a beneficio non solo del proprio caro ma, indirettamente, dell\u2019intero sistema sociosanitario.<\/p>\n\n\n<figure class=\"wp-block-table\"><table class=\"has-subtle-light-gray-background-color has-background\"><tbody><tr><td>Senza gli sforzi dei caregiver familiari, il Sistema sanitario e assistenziale in Italia non sarebbe sostenibile<\/td><\/tr><\/tbody><\/table><\/figure>\n\n\n<p>I caregiver familiari infatti, svolgono i compiti di assistenza spesso senza ricevere nessun tipo di sostegno economico e ricevendo aiuti minimi dai servizi sociosanitari.<\/p>\n\n\n<p>Quindi, i caregiver familiari sono una componente essenziale nell&#8217;organizzazione e nella fornitura di servizi sanitari e di assistenza sociale. Senza il loro contributo il sistema sociosanitario in Italia sarebbe semplicemente insostenibile. Per questo tale contributo meriterebbe di essere riconosciuto e i caregiver familiari dovrebbero essere tutelati e sostenuti da una legge nazionale sul modello delle leggi regionali gi\u00e0 approvate in alcune regioni italiane (Emilia-Romagna con L.R. 2\/2014;Abruzzo con L.R. 43\/2016; Campania con L.R. 33\/2017; Provincia di Trento con art 11 e 12 LP 8\/2018; Puglia con L.R 3\/2020).<\/p>\n\n\n<p>Inoltre, anche se prendersi cura di una persona cara pu\u00f2 essere una fonte di soddisfazione personale e una gratificazione emotiva, pu\u00f2 anche avere molte conseguenze impegnative per gli stessi caregiver: pu\u00f2 influenzare la loro salute fisica e mentale, pu\u00f2 ostacolare la loro partecipazione e inclusione sociale, e minare la loro situazione finanziaria e lavorativa. Per i giovani caregiver familiari, cio\u00e8 adolescenti e ragazzi tra i 14 e i 25 anni, l&#8217;assistenza pu\u00f2 avere un impatto negativo sulla loro istruzione scolastica e formale, sullo sviluppo personale, sulla vita sociale e sulle prospettive occupazionali in et\u00e0 adulta.<\/p>\n\n\n<p>L&#8217;attuale epidemia di COVID-19 non solo ha aggravato le sfide che i caregiver familiari devono affrontare normalmente, ma sta anche evidenziando la natura essenziale dell&#8217;assistenza da loro fornita, poich\u00e9 milioni di persone in Italia e in tutta l&#8217;UE sono diventate caregiver familiari dei propri cari negli ultimi mesi. Le misure di confinamento messe in atto con lo scopo di contenere i contagi hanno ulteriormente esacerbato il loro isolamento, hanno causato disagio e creato situazioni familiari difficili. Queste misure continueranno ad avere un impatto sui caregiver familiari e sulle loro famiglie maggiore che sulla popolazione in generale.<\/p>\n\n\n<p>\u00c8 giunto il momento di riconoscere lo straordinario contributo dei caregiver familiari in tutta Europa, fare luce sulla loro situazione e rispondere alle loro esigenze. Questo \u00e8 il motivo per cui <strong>Eurocarers <\/strong>(l&#8217;organizzazione europea che lavora con e per i caregiver informali), indice per il <strong>6 ottobre<\/strong> <strong>2020 la<\/strong> <strong>Prima Giornata Europea dei Caregiver Familiari<\/strong>.<\/p>\n\n\n<p>Questa prima edizione della <strong>Giornata Europea dei Caregiver Familiari<\/strong> fornir\u00e0 un messaggio semplice ma potente, mettendo in evidenza sia l\u2019importante ruolo svolto dai caregiver familiari sia il loro bisogno di supporto da parte di politiche e servizi adeguati.<\/p>\n\n\n<figure class=\"wp-block-table\"><table class=\"has-subtle-light-gray-background-color has-background\"><tbody><tr><td>La societ\u00e0 semplicemente non ce la pu\u00f2 fare senza i caregiver familiari. Questo significa che il loro bisogno di essere sostenuti deve essere riconosciuto in tutti i settori che li vedono coinvolti.<\/td><\/tr><\/tbody><\/table><\/figure>\n\n\n<p>Per maggiori informazioni contattate:<\/p>\n\n\n<figure class=\"wp-block-table\"><table><tbody><tr><td><\/td><td><strong>Sara <\/strong><strong>Santini<\/strong><strong><\/strong> IRCCS INRCA-Istituto Nazionale di Riposo e Cura per Anziani Centro Studi e Ricerche Economico-Sociali per l\u2019Invecchiamento <a href=\"https:\/\/www.inrca.it\/inrca\/Mod_ric_112.asp?pag=Ric_UO_psicosocio.asp\">https:\/\/www.inrca.it\/inrca\/Mod_ric_112.asp?pag=Ric_UO_psicosocio.asp<\/a> E-mail: <a href=\"mailto:s.santini2@inrca.it\">s.santini2@inrca.it<\/a>. <a href=\"https:\/\/www.inrca.it\/inrca\/files\/PAGINE\/CV_Sara%20Santini_EU%20format_January2016.pdf\">https:\/\/www.inrca.it\/inrca\/files\/PAGINE\/CV_Sara%20Santini_EU%20format_January2016.pdf<\/a> &nbsp;<\/td><\/tr><tr><td><\/td><td>Casandra Cristea Associazione C\u2019entro <a href=\"http:\/\/www.associazionecentro.it\">www.associazionecentro.it<\/a> <a href=\"mailto:info@associazionecentro.it\">info@associazionecentro.it<\/a> Cell. 3471575339<\/td><\/tr><tr><td><\/td><td>Antonella Deponte CasaViola \u2013 Associazione de Banfield Via Fabio Filzi 21\/1 \u2013 34132 Trieste Email: <a href=\"mailto:deponte@debanfield.it\">deponte@debanfield.it<\/a> tel: 040362766 web: casaviola.debanfield.it &nbsp;<\/td><\/tr><tr><td>&nbsp; &nbsp; &nbsp; &nbsp;<\/td><td>Licia Boccaletti Anziani e non solo soc. coop. soc. Via Lenin 55, 41012 Carpi, Modena <a href=\"http:\/\/www.anzianienonsolo.it\">www.anzianienonsolo.it<\/a> <a href=\"mailto:info@anzianienonsolo.it\">info@anzianienonsolo.it<\/a><\/td><\/tr><\/tbody><\/table><\/figure>\n","protected":false},"excerpt":{"rendered":"<p>La societ\u00e0 cooperativa sociale \u201cAnziani e non solo\u201d (Carpi-Modena), l\u2019associazione C\u2019ENTRO (Chioggia), l\u2019associazione \u201cDe Banfield\u201d (Trieste), e l\u2019IRCCS INRCA-Istituto Nazionale di Riposo e Cura per Anziani (Ancona, Osimo, Appignano, Fermo, Casatenovo, Cosenza), membri italiani di Eurocarers e quotidianamente in contatto con le difficolt\u00e0 vissute dai caregiver familiari, sostengono e promuovono la Prima Giornata Europea del Caregiver Familiare.<\/p>\n","protected":false},"author":1,"featured_media":1597,"comment_status":"closed","ping_status":"closed","sticky":false,"template":"","format":"standard","meta":{"footnotes":""},"categories":[116],"tags":[],"class_list":["post-2693","post","type-post","status-publish","format-standard","has-post-thumbnail","hentry","category-carfam"],"_links":{"self":[{"href":"https:\/\/www.anzianienonsolo.it\/online\/wp-json\/wp\/v2\/posts\/2693"}],"collection":[{"href":"https:\/\/www.anzianienonsolo.it\/online\/wp-json\/wp\/v2\/posts"}],"about":[{"href":"https:\/\/www.anzianienonsolo.it\/online\/wp-json\/wp\/v2\/types\/post"}],"author":[{"embeddable":true,"href":"https:\/\/www.anzianienonsolo.it\/online\/wp-json\/wp\/v2\/users\/1"}],"replies":[{"embeddable":true,"href":"https:\/\/www.anzianienonsolo.it\/online\/wp-json\/wp\/v2\/comments?post=2693"}],"version-history":[{"count":0,"href":"https:\/\/www.anzianienonsolo.it\/online\/wp-json\/wp\/v2\/posts\/2693\/revisions"}],"wp:featuredmedia":[{"embeddable":true,"href":"https:\/\/www.anzianienonsolo.it\/online\/wp-json\/wp\/v2\/media\/1597"}],"wp:attachment":[{"href":"https:\/\/www.anzianienonsolo.it\/online\/wp-json\/wp\/v2\/media?parent=2693"}],"wp:term":[{"taxonomy":"category","embeddable":true,"href":"https:\/\/www.anzianienonsolo.it\/online\/wp-json\/wp\/v2\/categories?post=2693"},{"taxonomy":"post_tag","embeddable":true,"href":"https:\/\/www.anzianienonsolo.it\/online\/wp-json\/wp\/v2\/tags?post=2693"}],"curies":[{"name":"wp","href":"https:\/\/api.w.org\/{rel}","templated":true}]}}