{"id":2445,"date":"2020-07-20T11:57:09","date_gmt":"2020-07-20T09:57:09","guid":{"rendered":"https:\/\/www.anzianienonsolo.it\/?p=2445"},"modified":"2020-07-20T11:57:09","modified_gmt":"2020-07-20T09:57:09","slug":"prodotti","status":"publish","type":"post","link":"https:\/\/www.anzianienonsolo.it\/online\/prodotti\/","title":{"rendered":"PRODOTTI"},"content":{"rendered":"\n<div class=\"wp-block-image\"><figure class=\"alignleft\"><a href=\"http:\/\/www.anzianienonsolo.it\/online\/wp-content\/uploads\/2014\/11\/small_iconacareplan-1.png\"><img decoding=\"async\" src=\"http:\/\/www.anzianienonsolo.it\/wp-content\/uploads\/2014\/11\/small_iconacareplan-1-150x150.png\" alt=\"small_iconacareplan-1\" class=\"wp-image-748\"\/><\/a><\/figure><\/div>\n\n\n<p><strong>C@replan:<\/strong> \u00e8 un applicativo che accompagna la famiglia nella definizione di un mansionario delle attivit\u00e0 richieste all\u2019assistente familiare. Pu\u00f2 generare un documento sottoscritto da entrambe le parti e allegabile al contratto di lavoro.&nbsp;<a href=\"http:\/\/www.informanziani.it\/careplan\/\" target=\"_blank\" rel=\"noreferrer noopener\"><strong>Vai all&#8217;applicativo<\/strong><\/a><\/p>\n\n\n<div class=\"wp-block-image\"><figure class=\"alignleft\"><a href=\"http:\/\/www.anzianienonsolo.it\/online\/wp-content\/uploads\/2014\/11\/carecontact2logosmall-1.png\"><img decoding=\"async\" width=\"150\" height=\"150\" src=\"http:\/\/www.anzianienonsolo.it\/wp-content\/uploads\/2014\/11\/carecontact2logosmall-1-150x150.png\" alt=\"carecontact2logosmall-1\" class=\"wp-image-747\" srcset=\"https:\/\/www.anzianienonsolo.it\/online\/wp-content\/uploads\/2014\/11\/carecontact2logosmall-1-150x150.png 150w, https:\/\/www.anzianienonsolo.it\/online\/wp-content\/uploads\/2014\/11\/carecontact2logosmall-1-100x100.png 100w, https:\/\/www.anzianienonsolo.it\/online\/wp-content\/uploads\/2014\/11\/carecontact2logosmall-1-50x50.png 50w\" sizes=\"(max-width: 150px) 100vw, 150px\" \/><\/a><\/figure><\/div>\n\n\n<p><strong>C@re Contact:<\/strong>&nbsp;\u00e8 un applicativo che supporta l\u2019operatore nella gestione del registro delle assistenti familiari: archiviando nominativi, curricula, disponibilit\u00e0 degli assistenti familiari del territorio e consentendo la ricerca in base a criteri prestabiliti.<\/p>\n\n\n<p><a href=\"http:\/\/www.informanziani.it\/contact\/\" target=\"_blank\" rel=\"noreferrer noopener\"><strong>Vai all&#8217;applicativo<\/strong><\/a><\/p>\n\n\n<div class=\"wp-block-image\"><figure class=\"alignleft\"><a href=\"http:\/\/www.anzianienonsolo.it\/online\/wp-content\/uploads\/2014\/11\/logocareexpsmall-1.png\"><img decoding=\"async\" src=\"http:\/\/www.anzianienonsolo.it\/wp-content\/uploads\/2014\/11\/logocareexpsmall-1-150x150.png\" alt=\"logocareexpsmall-1\" class=\"wp-image-745\"\/><\/a><\/figure><\/div>\n\n\n<p><strong>C@rexpert:<\/strong>&nbsp;C@rexpert \u00e8 strutturato come un questionario on line basato su risposte a scelta multipla finalizzate a rilevare le condizioni dell\u2019anziano dal punto di vista sociale, sanitario e relazionale basate anche sui parametri ADL e IADL dell\u2019assistito e del vissuto del caregiver.&nbsp;L\u2019insieme di dati, gradi e specificazioni rilevati nell\u2019intervista, viene elaborato attraverso un sistema algoritmico che consente il rilascio di una reportistica che l\u2019operatore potr\u00e0 personalizzare per la consegna all\u2019anziano\/famiglia: un dossier sulle condizioni dell\u2019anziano cos\u00ec come rilevate dal caregiver; un profilo multidimensionale dei bisogni secondo il modello PSAR (bisogni Primari, di Sicurezza, di Autonomia e di Relazionalit\u00e0) dell\u2019anziano trattato; un report con le possibili risorse per elaborare il mix assistenziale pi\u00f9 idoneo a far fronte ai bisogni rilevati e un documento con indicazioni sul grado di stress assistenziale espresso dal caregiver principale.&nbsp;<a href=\"http:\/\/www.informanziani.it\/carexpert\/\" target=\"_blank\" rel=\"noreferrer noopener\"><strong>Vai all&#8217;applicativo<\/strong><\/a><\/p>\n\n\n<div class=\"wp-block-image\"><figure class=\"alignleft\"><a href=\"http:\/\/www.anzianienonsolo.it\/online\/wp-content\/uploads\/2014\/11\/logo_tutela_legale.fw_.png\"><img decoding=\"async\" width=\"150\" height=\"150\" src=\"http:\/\/www.anzianienonsolo.it\/wp-content\/uploads\/2014\/11\/logo_tutela_legale.fw_-150x150.png\" alt=\"logo_tutela_legale.fw\" class=\"wp-image-746\" srcset=\"https:\/\/www.anzianienonsolo.it\/online\/wp-content\/uploads\/2014\/11\/logo_tutela_legale.fw_-150x150.png 150w, https:\/\/www.anzianienonsolo.it\/online\/wp-content\/uploads\/2014\/11\/logo_tutela_legale.fw_.png 300w, https:\/\/www.anzianienonsolo.it\/online\/wp-content\/uploads\/2014\/11\/logo_tutela_legale.fw_-100x100.png 100w, https:\/\/www.anzianienonsolo.it\/online\/wp-content\/uploads\/2014\/11\/logo_tutela_legale.fw_-50x50.png 50w\" sizes=\"(max-width: 150px) 100vw, 150px\" \/><\/a><\/figure><\/div>\n\n\n<p><strong>Sportello Tutela Legale:&nbsp;<\/strong>\u00e8 un sistema di banche dati che guidano l\u2019operatore nella risposta ai pi\u00f9 comuni quesiti di carattere legale che possono coinvolgere gli anziani e i loro familiari. E\u2019 un utile strumento di informazione e orientamento di primo livello e per filtrare&nbsp; i casi pi\u00f9 complessi da indirizzare ad un supporto specialistico.&nbsp;<a href=\"http:\/\/tutelalegale.anzianienonsolo.it\" target=\"_blank\" rel=\"noreferrer noopener\"><strong>Vai allo Sportello<\/strong><\/a><\/p>\n\n\n<div class=\"wp-block-image\"><figure class=\"alignleft\"><a href=\"http:\/\/www.anzianienonsolo.it\/online\/wp-content\/uploads\/2014\/11\/logo_formazione.fw_.png\"><img decoding=\"async\" width=\"150\" height=\"150\" src=\"http:\/\/www.anzianienonsolo.it\/wp-content\/uploads\/2014\/11\/logo_formazione.fw_-150x150.png\" alt=\"logo_formazione.fw\" class=\"wp-image-749\" srcset=\"https:\/\/www.anzianienonsolo.it\/online\/wp-content\/uploads\/2014\/11\/logo_formazione.fw_-150x150.png 150w, https:\/\/www.anzianienonsolo.it\/online\/wp-content\/uploads\/2014\/11\/logo_formazione.fw_.png 300w, https:\/\/www.anzianienonsolo.it\/online\/wp-content\/uploads\/2014\/11\/logo_formazione.fw_-100x100.png 100w, https:\/\/www.anzianienonsolo.it\/online\/wp-content\/uploads\/2014\/11\/logo_formazione.fw_-50x50.png 50w\" sizes=\"(max-width: 150px) 100vw, 150px\" \/><\/a><\/figure><\/div>\n\n\n<p><strong>Piattaforma per la formazione a distanza:&nbsp;<\/strong>La piattaforma sviluppata da Anziani e non solo, \u00e8 un sistema per la formazione a distanza rivolto al settore sociale e dei servizi alla persona. Realizzato con particolare attenzione all\u2019utilizzo da parte di persone poco esperte all\u2019uso delle nuove tecnologie, si compone di corsi audio e video, test di valutazione, esercitazioni ed \u00e8 strutturato in modo da rendere semplice e immediato il contatto e il confronto con i docenti, anche a distanza.&nbsp;La piattaforma pu\u00f2 essere altres\u00ec utilizzata per la realizzazione di corsi in modalit\u00e0&nbsp;<em>blended<\/em>&nbsp;(ovvero corsi in cui sono integrati e-learning e formazione in presenza). <strong><a href=\"http:\/\/formazione.anzianienonsolo.it\" target=\"_blank\" rel=\"noreferrer noopener\">Vai alla sezione<\/a><\/strong><\/p>\n\n\n<div class=\"wp-block-image\"><figure class=\"alignleft\"><img loading=\"lazy\" decoding=\"async\" width=\"150\" height=\"150\" src=\"http:\/\/www.anzianienonsolo.it\/wp-content\/uploads\/2014\/11\/logo_campus_per_sito-150x150.jpg\" alt=\"logo_campus_per_sito\" class=\"wp-image-924\" srcset=\"https:\/\/www.anzianienonsolo.it\/online\/wp-content\/uploads\/2014\/11\/logo_campus_per_sito-150x150.jpg 150w, https:\/\/www.anzianienonsolo.it\/online\/wp-content\/uploads\/2014\/11\/logo_campus_per_sito-100x100.jpg 100w, https:\/\/www.anzianienonsolo.it\/online\/wp-content\/uploads\/2014\/11\/logo_campus_per_sito-50x50.jpg 50w\" sizes=\"(max-width: 150px) 100vw, 150px\" \/><\/figure><\/div>\n\n\n<p><strong>Campus:<\/strong> &nbsp;la piattaforma ospita i corso basati sul sistema formativo Aspasia, corsi di formazione&nbsp;per assistenti familiari che si compongono di:<br \/>Dodici moduli formativi che coprono le principali aree trasversali e tecnico professionale per qualificare il lavoro di cura dell\u2019assistente familiare, come definito dai profili professionali formulati dalle Regioni. I&nbsp;&nbsp;moduli, articolati in venti unit\u00e0 didattiche sono fruibili attraverso sei DVD e un lettore portatile fornito come ausilio didattico. La struttura multimediale delle unit\u00e0 didattiche \u00e8 costituita da dispositive elettroniche (slide) con testo, grafica, immagini, animazione e commento sonoro in lingua italiana (per migliorare la conoscenza della lingua negli aspetti professionali). &nbsp;Il sistema Aspasia ha attivato anche specifici corsi on line per operatori di sportello sportello sociale e per l\u2019incontro domanda \u2013 offerta di lavoro e di formazione formatori.&nbsp;<a href=\"http:\/\/campus.anzianienonsolo.it\/\" target=\"_blank\" rel=\"noreferrer noopener\"><strong>Vai alla sezione<\/strong><\/a><\/p>\n","protected":false},"excerpt":{"rendered":"<p>C@replan: \u00e8 un applicativo che accompagna la famiglia nella definizione di un mansionario delle attivit\u00e0 richieste all\u2019assistente familiare. Pu\u00f2 generare un documento sottoscritto da entrambe le parti e allegabile al contratto di lavoro.&nbsp;Vai all&#8217;applicativo C@re Contact:&nbsp;\u00e8 un applicativo che supporta l\u2019operatore nella gestione del registro delle assistenti familiari: archiviando nominativi, curricula, disponibilit\u00e0 degli assistenti familiari<\/p>\n","protected":false},"author":1,"featured_media":0,"comment_status":"open","ping_status":"open","sticky":false,"template":"","format":"standard","meta":{"footnotes":""},"categories":[120],"tags":[],"class_list":["post-2445","post","type-post","status-publish","format-standard","hentry","category-generale"],"_links":{"self":[{"href":"https:\/\/www.anzianienonsolo.it\/online\/wp-json\/wp\/v2\/posts\/2445"}],"collection":[{"href":"https:\/\/www.anzianienonsolo.it\/online\/wp-json\/wp\/v2\/posts"}],"about":[{"href":"https:\/\/www.anzianienonsolo.it\/online\/wp-json\/wp\/v2\/types\/post"}],"author":[{"embeddable":true,"href":"https:\/\/www.anzianienonsolo.it\/online\/wp-json\/wp\/v2\/users\/1"}],"replies":[{"embeddable":true,"href":"https:\/\/www.anzianienonsolo.it\/online\/wp-json\/wp\/v2\/comments?post=2445"}],"version-history":[{"count":0,"href":"https:\/\/www.anzianienonsolo.it\/online\/wp-json\/wp\/v2\/posts\/2445\/revisions"}],"wp:attachment":[{"href":"https:\/\/www.anzianienonsolo.it\/online\/wp-json\/wp\/v2\/media?parent=2445"}],"wp:term":[{"taxonomy":"category","embeddable":true,"href":"https:\/\/www.anzianienonsolo.it\/online\/wp-json\/wp\/v2\/categories?post=2445"},{"taxonomy":"post_tag","embeddable":true,"href":"https:\/\/www.anzianienonsolo.it\/online\/wp-json\/wp\/v2\/tags?post=2445"}],"curies":[{"name":"wp","href":"https:\/\/api.w.org\/{rel}","templated":true}]}}