{"id":2371,"date":"2020-04-29T17:51:44","date_gmt":"2020-04-29T15:51:44","guid":{"rendered":"https:\/\/www.anzianienonsolo.it\/?p=2371"},"modified":"2020-04-29T17:51:44","modified_gmt":"2020-04-29T15:51:44","slug":"progetto-social-seed-un-approccio-innovativo-per-incubare-gruppi-socialmente-esclusi-dal-mondo-dellimprenditoria","status":"publish","type":"post","link":"https:\/\/www.anzianienonsolo.it\/online\/progetto-social-seed-un-approccio-innovativo-per-incubare-gruppi-socialmente-esclusi-dal-mondo-dellimprenditoria\/","title":{"rendered":"PROGETTO SOCIAL SEED: UN APPROCCIO INNOVATIVO PER INCUBARE GRUPPI SOCIALMENTE ESCLUSI DAL MONDO DELL\u2019IMPRENDITORIA"},"content":{"rendered":"<p>Il progetto \u201cSOCIAL SEED\u201d, finanziato dal programma Erasmus+, \u00e8 lieto di lanciare il suo nuovo sito web <strong><a href=\"https:\/\/socialseedproject.eu\/\" rel=\"noopener\" target=\"_blank\">https:\/\/socialseedproject.eu\/<\/a><\/strong><br \/>\nLa piattaforma web fornir\u00e0 i risultati dell\u2019iniziativa paneuropea della durata di 30 mesi, volta a progettare una nuova metodologia per l\u2019incubazione di gruppi socialmente esclusi dal mondo dell\u2019imprenditoria, con un approccio innovativo supportato da aziende private.<br \/>\nSOCIAL SEED aiuter\u00e0 a trovare una soluzione a due dei principali problemi dell\u2019Unione Europea: la disoccupazione e la situazione attuale di 83 milioni di persone socialmente escluse.<br \/>\nCi troviamo in un momento cruciale in cui l\u2019economia fondata sulla conoscenza offre nuove opportunit\u00e0 di benessere, attraverso la sperimentazione da parte dei Paesi europei di nuovi modelli di sviluppo basati su una crescita economica inclusiva e sostenibile. Al di l\u00e0 di questo, il potenziamento dell\u2019imprenditorialit\u00e0 \u00e8 un fattore determinante in qualit\u00e0 di elemento trasversale nella formazione di persone capaci di integrarsi nelle dinamiche dello sviluppo socioeconomico in Paesi con profondi bisogni di cambiamento.<br \/>\nIl nostro obiettivo \u00e8 lo sviluppo di un modello ibrido di collaborazione tra le realt\u00e0 sociali, aziende, dirigenti e persone a rischio di esclusione. Un modello che possa essere uno strumento di cambiamento per tutti i professionisti che lavorano in questo settore.<br \/>\nIl progetto realizzer\u00e0, produrr\u00e0 e tester\u00e0 degli strumenti attraverso i quali generare un impatto sulla vita delle persone in condizioni di svantaggio, migliorando le capacit\u00e0 delle ONG e creando una connessione con le aziende. Con questo progetto intendiamo costruire uno strumento per affrontare questa sfida attraverso diverse fasi:<br \/>\n1. Progettare una metodologia di incubazione per i gruppi esclusi dall\u2019imprenditoria<br \/>\n2. Costruire un incubatore sociale<br \/>\n3. Creare un nuovo modello imprenditoriale di cooperazione tra aziende e ONG<br \/>\n4. Sviluppare un corso formativo incentrato sui bisogni e sulle difficolt\u00e0 di tali imprenditori (gruppi esclusi)<br \/>\n5. Innovare i modelli di business economicamente sostenibili per riavviare una vita dignitosa.<br \/>\nLa piattaforma web includer\u00e0 notizie, blog, risultati e aggiornamenti del progetto, come report, documenti di sintesi e opportunit\u00e0 di<br \/>\ncollaborazione, ad es. annunci di eventi, workshop e sessioni di formazione frontale.<br \/>\n<strong>Scarica il comunicato stampa completo sul <strong><a href=\"https:\/\/socialseedproject.eu\/wp-content\/uploads\/2020\/04\/Social_seed_PR1_it.pdf\">sito del progetto <\/a><\/strong><\/p>\n","protected":false},"excerpt":{"rendered":"<p>Una nuova metodologia per l\u2019incubazione di gruppi socialmente esclusi dal mondo dell\u2019imprenditoria, con un approccio innovativo supportato da aziende private. SOCIAL SEED aiuter\u00e0 a trovare una soluzione a due dei principali problemi dell\u2019Unione Europea: la disoccupazione e la situazione attuale di 83 milioni di persone socialmente escluse.<\/p>\n","protected":false},"author":1,"featured_media":2372,"comment_status":"closed","ping_status":"closed","sticky":false,"template":"","format":"standard","meta":{"footnotes":""},"categories":[122],"tags":[],"class_list":["post-2371","post","type-post","status-publish","format-standard","has-post-thumbnail","hentry","category-silo"],"_links":{"self":[{"href":"https:\/\/www.anzianienonsolo.it\/online\/wp-json\/wp\/v2\/posts\/2371"}],"collection":[{"href":"https:\/\/www.anzianienonsolo.it\/online\/wp-json\/wp\/v2\/posts"}],"about":[{"href":"https:\/\/www.anzianienonsolo.it\/online\/wp-json\/wp\/v2\/types\/post"}],"author":[{"embeddable":true,"href":"https:\/\/www.anzianienonsolo.it\/online\/wp-json\/wp\/v2\/users\/1"}],"replies":[{"embeddable":true,"href":"https:\/\/www.anzianienonsolo.it\/online\/wp-json\/wp\/v2\/comments?post=2371"}],"version-history":[{"count":0,"href":"https:\/\/www.anzianienonsolo.it\/online\/wp-json\/wp\/v2\/posts\/2371\/revisions"}],"wp:featuredmedia":[{"embeddable":true,"href":"https:\/\/www.anzianienonsolo.it\/online\/wp-json\/wp\/v2\/media\/2372"}],"wp:attachment":[{"href":"https:\/\/www.anzianienonsolo.it\/online\/wp-json\/wp\/v2\/media?parent=2371"}],"wp:term":[{"taxonomy":"category","embeddable":true,"href":"https:\/\/www.anzianienonsolo.it\/online\/wp-json\/wp\/v2\/categories?post=2371"},{"taxonomy":"post_tag","embeddable":true,"href":"https:\/\/www.anzianienonsolo.it\/online\/wp-json\/wp\/v2\/tags?post=2371"}],"curies":[{"name":"wp","href":"https:\/\/api.w.org\/{rel}","templated":true}]}}