{"id":2343,"date":"2020-03-12T14:42:49","date_gmt":"2020-03-12T13:42:49","guid":{"rendered":"https:\/\/www.anzianienonsolo.it\/?p=2343"},"modified":"2020-03-12T14:42:49","modified_gmt":"2020-03-12T13:42:49","slug":"contrasto-alla-solitudine-esistenziale-tra-gli-anziani-un-nuovo-progetto-europeo-appena-lanciato","status":"publish","type":"post","link":"https:\/\/www.anzianienonsolo.it\/online\/contrasto-alla-solitudine-esistenziale-tra-gli-anziani-un-nuovo-progetto-europeo-appena-lanciato\/","title":{"rendered":"CONTRASTO ALLA SOLITUDINE ESISTENZIALE TRA GLI ANZIANI: UN NUOVO PROGETTO EUROPEO APPENA LANCIATO"},"content":{"rendered":"<p>La solitudine tra gli anziani \u00e8 un problema crescente a livello globale, anche se \u00e8 difficile stimare delle cifre.<br \/>\nQuesta \u00e8 un concetto complesso che interessa anche dimensioni esistenziali e viene definita come una condizione inevitabile dell\u2019umanit\u00e0, arrivando molto pi\u00f9 nel profondo rispetto alla solitudine sociale e fisica. Ci\u00f2 significa che anche se sei circondato da altre<br \/>\npersone, puoi provare una solitudine profonda nella sua forma esistenziale.<br \/>\nLa solitudine esistenziale \u00e8 spesso vissuta dalle persone anziane in associazione a morte, perdite o gravi malattie, quando ci si inizia<br \/>\na porre domande sul significato della vita. Ecco perch\u00e9 si tratta di questioni significative e impegnative per i professionisti dell\u2019assistenza sanitaria e sociale, i quali dovrebbero essere formati per essere in grado di supportare i loro utenti nell\u2019affrontare la solitudine esistenziale nel miglior modo possibile.<\/p>\n<p>Questo \u00e8 infatti l\u2019obiettivo del progetto ALONE, finanziato dall\u2019Unione Europea nell\u2019ambito del programma Erasmus + KA2.<br \/>\nALONE sar\u00e0 realizzato in cinque diversi Paesi europei con l\u2019obiettivo di formare gli operatori sociali e sanitari sulle diverse dimensioni<br \/>\ndella solitudine per essere in grado di individuare e riconoscere la solitudine in tutte le sue forme tra le persone anziane e rafforzare<br \/>\nla loro capacit\u00e0 di affrontare la solitudine in generale e la solitudine esistenziale in particolare.<br \/>\nIl progetto svilupper\u00e0 un programma di formazione per infermieri e altri operatori sanitari, che attualmente hanno una preparazione<br \/>\nlimitata o nulla, su come sostenere le persone anziane colpite dalla solitudine esistenziale.<br \/>\nIn Italia il progetto ALONE sar\u00e0 realizzato da Anziani e non solo, una societ\u00e0 cooperativa sociale che opera dal 2004 nel settore del<br \/>\nwelfare assistenziale e per l\u2019inclusione sociale.<\/p>\n<p><em>\u201cAnziani e non solo realizza da sempre progetti ed interventi per promuovere l\u2019inclusione sociale delle persone anziane\u201d<\/em> dice Licia Boccaletti, Presidente della Cooperativa <em>\u201ce ALONE ci offre l\u2019opportunit\u00e0 di esplorare ulteriormente questo tema in una nuova prospet- tiva e di rafforzare le competenze degli operatori del territorio per rispondere a questo bisogno cos\u00ec crescente\u201d<\/em>:<\/p>\n<p>Per saperne di pi\u00f9 sul progetto visita il sito web <a href=\"https:\/\/www.aloneproject.eu\" rel=\"noopener noreferrer\" target=\"_blank\">www.aloneproject.eu<\/a><\/p>\n\n<p>Il volantino \u00e8 scaricabile da:<\/p>\n\n\n<p><a href=\"https:\/\/aloneproject.eu\/wp-content\/uploads\/2020\/03\/Leaflet_IT_ALONEindd.pdf\">https:\/\/aloneproject.eu\/wp-content\/uploads\/2020\/03\/Leaflet_IT_ALONEindd.pdf<\/a><\/p>\n","protected":false},"excerpt":{"rendered":"<p>ALONE sar\u00e0 realizzato in cinque diversi Paesi europei con l\u2019obiettivo di formare gli operatori sociali e sanitari sulle diverse dimensioni della solitudine per essere in grado di individuare e riconoscere la solitudine in tutte le sue forme tra le persone anziane e rafforzare la loro capacit\u00e0 di affrontare la solitudine in generale e la solitudine esistenziale in particolare.<\/p>\n","protected":false},"author":1,"featured_media":2344,"comment_status":"closed","ping_status":"closed","sticky":false,"template":"","format":"standard","meta":{"footnotes":""},"categories":[118],"tags":[],"class_list":["post-2343","post","type-post","status-publish","format-standard","has-post-thumbnail","hentry","category-societa-dellinvecchiamento"],"_links":{"self":[{"href":"https:\/\/www.anzianienonsolo.it\/online\/wp-json\/wp\/v2\/posts\/2343"}],"collection":[{"href":"https:\/\/www.anzianienonsolo.it\/online\/wp-json\/wp\/v2\/posts"}],"about":[{"href":"https:\/\/www.anzianienonsolo.it\/online\/wp-json\/wp\/v2\/types\/post"}],"author":[{"embeddable":true,"href":"https:\/\/www.anzianienonsolo.it\/online\/wp-json\/wp\/v2\/users\/1"}],"replies":[{"embeddable":true,"href":"https:\/\/www.anzianienonsolo.it\/online\/wp-json\/wp\/v2\/comments?post=2343"}],"version-history":[{"count":0,"href":"https:\/\/www.anzianienonsolo.it\/online\/wp-json\/wp\/v2\/posts\/2343\/revisions"}],"wp:featuredmedia":[{"embeddable":true,"href":"https:\/\/www.anzianienonsolo.it\/online\/wp-json\/wp\/v2\/media\/2344"}],"wp:attachment":[{"href":"https:\/\/www.anzianienonsolo.it\/online\/wp-json\/wp\/v2\/media?parent=2343"}],"wp:term":[{"taxonomy":"category","embeddable":true,"href":"https:\/\/www.anzianienonsolo.it\/online\/wp-json\/wp\/v2\/categories?post=2343"},{"taxonomy":"post_tag","embeddable":true,"href":"https:\/\/www.anzianienonsolo.it\/online\/wp-json\/wp\/v2\/tags?post=2343"}],"curies":[{"name":"wp","href":"https:\/\/api.w.org\/{rel}","templated":true}]}}