{"id":2315,"date":"2020-01-22T11:02:17","date_gmt":"2020-01-22T10:02:17","guid":{"rendered":"https:\/\/www.anzianienonsolo.it\/?p=2315"},"modified":"2020-01-22T11:02:17","modified_gmt":"2020-01-22T10:02:17","slug":"nuova-indagine-sui-diritti-lgbtiq-e-sulla-partecipazione-in-politica","status":"publish","type":"post","link":"https:\/\/www.anzianienonsolo.it\/online\/nuova-indagine-sui-diritti-lgbtiq-e-sulla-partecipazione-in-politica\/","title":{"rendered":"Nuova indagine sui diritti LGBTIQ+ e sulla partecipazione in politica"},"content":{"rendered":"<p>Una governance democratica sostenibile richiede che tutte le persone partecipino ai processi politici e che ne vengano rappresentate le opinioni, valori, interessi e preoccupazioni, indipendentemente da et\u00e0, identit\u00e0 di genere, orientamento sessuale, capacit\u00e0, gruppo, cultura e origine etnica o religiosa. Tuttavia, la discriminazione in <strong><a href=\"https:\/\/www.idea.int\/publications\/catalogue\/overcoming-political-exclusion-strategies-marginalized-groups\">politica<\/a><\/strong> si verifica ancora oggi.<br \/>\nIl sondaggio ideato dal <strong><em><u>progetto europeo Voice<\/u><\/em><\/strong><strong><em><u>\u0399<\/u><\/em><\/strong><strong><em><u>t<\/u><\/em><\/strong> mira ad affrontare questo problema identificando le percezioni dei diritti LGBTQI+, i potenziali ostacoli che devono affrontare le persone LGBTIQ+ con background etnici e culturali di minoranza e le esigenze di riforma delle politiche esistenti.<br \/>\nIl sondaggio si rivolge a persone LGBTIQ+, funzionari statali e governativi, rappresentanti di istituzioni politiche o di qualsiasi altra parte interessata.<br \/>\nSe hai pi\u00f9 di 18 anni, rispondi al sondaggio e aiutaci a costruire una societ\u00e0 pi\u00f9 inclusiva.<br \/>\nPartecipa al sondaggio cliccando su questo link: <strong><a href=\"https:\/\/kmop.limequery.com\/762989\">https:\/\/kmop.limequery.com\/762989<\/a><\/strong><br \/>\nI risultati raccolti contribuiranno alla ricerca sull\u2019inclusione delle persone LGBTIQ+ nei processi di decisione politica.<br \/>\n<strong><em><a href=\"https:\/\/kmop.limequery.com\/762989\">Abbiamo bisogno della vostra voce!<\/a>\u00a0<\/em><\/strong><br \/>\n<strong><em><u>Una breve descrizione di VoiceIt<\/u><\/em><\/strong><br \/>\nLa rappresentanza politica e la partecipazione della comunit\u00e0 LGBTIQ+ sono essenziali per la promozione dei diritti e delle politiche LGBTIQ+ ma anche per il raggiungimento dell&#8217;uguaglianza globale. In questo contesto, l&#8217;iniziativa europea VoiceIt mira ad aumentare la partecipazione e il coinvolgimento diretto delle persone LGBTIQ+ nel processo decisionale politico, coinvolgendo istituzioni come funzionari eletti, organizzazioni LGBTIQ+, politici e rappresentanti del governo in un dialogo costruttivo riguardante il processo decisionale in tema di diritti LGBTIQ+ e alle persone LGBTIQ+ motivate a partecipare al dibattito politico.<\/p>\n","protected":false},"excerpt":{"rendered":"<p>Un sondaggio ideato dal progetto europeo Voice\u0399t mira ad affrontare questo problema identificando le percezioni dei diritti LGBTQI+, i potenziali ostacoli che devono affrontare le persone LGBTIQ+ con background etnici e culturali di minoranza e le esigenze di riforma delle politiche esistenti.<\/p>\n","protected":false},"author":1,"featured_media":2316,"comment_status":"closed","ping_status":"closed","sticky":false,"template":"","format":"standard","meta":{"footnotes":""},"categories":[177],"tags":[],"class_list":["post-2315","post","type-post","status-publish","format-standard","has-post-thumbnail","hentry","category-lgbti"],"_links":{"self":[{"href":"https:\/\/www.anzianienonsolo.it\/online\/wp-json\/wp\/v2\/posts\/2315"}],"collection":[{"href":"https:\/\/www.anzianienonsolo.it\/online\/wp-json\/wp\/v2\/posts"}],"about":[{"href":"https:\/\/www.anzianienonsolo.it\/online\/wp-json\/wp\/v2\/types\/post"}],"author":[{"embeddable":true,"href":"https:\/\/www.anzianienonsolo.it\/online\/wp-json\/wp\/v2\/users\/1"}],"replies":[{"embeddable":true,"href":"https:\/\/www.anzianienonsolo.it\/online\/wp-json\/wp\/v2\/comments?post=2315"}],"version-history":[{"count":0,"href":"https:\/\/www.anzianienonsolo.it\/online\/wp-json\/wp\/v2\/posts\/2315\/revisions"}],"wp:featuredmedia":[{"embeddable":true,"href":"https:\/\/www.anzianienonsolo.it\/online\/wp-json\/wp\/v2\/media\/2316"}],"wp:attachment":[{"href":"https:\/\/www.anzianienonsolo.it\/online\/wp-json\/wp\/v2\/media?parent=2315"}],"wp:term":[{"taxonomy":"category","embeddable":true,"href":"https:\/\/www.anzianienonsolo.it\/online\/wp-json\/wp\/v2\/categories?post=2315"},{"taxonomy":"post_tag","embeddable":true,"href":"https:\/\/www.anzianienonsolo.it\/online\/wp-json\/wp\/v2\/tags?post=2315"}],"curies":[{"name":"wp","href":"https:\/\/api.w.org\/{rel}","templated":true}]}}