{"id":2309,"date":"2020-01-13T18:22:57","date_gmt":"2020-01-13T17:22:57","guid":{"rendered":"https:\/\/www.anzianienonsolo.it\/?p=2309"},"modified":"2020-01-13T18:22:57","modified_gmt":"2020-01-13T17:22:57","slug":"e-stato-pubblicato-ampio-studio-europeo-sulla-radicalizzazione-giovanile-violenta","status":"publish","type":"post","link":"https:\/\/www.anzianienonsolo.it\/online\/e-stato-pubblicato-ampio-studio-europeo-sulla-radicalizzazione-giovanile-violenta\/","title":{"rendered":"\u00c8 stato pubblicato un ampio studio europeo sulla radicalizzazione giovanile violenta"},"content":{"rendered":"<p>Oggi, il progetto <a href=\"https:\/\/yeip.org\/\">YEIP (Youth Empowerment and Innovation Project)<\/a> finanziato dalla Commissione europea, ha pubblicato la sua ultima ricerca in merito alla radicalizzazione giovanile violenta in Europa, concentrandosi in particolare su Regno Unito, Grecia, Cipro, Italia, Portogallo, Svezia e Romania. Lo studio si basa su dati raccolti attraverso la pi\u00f9 grande ricerca scientifica sul tema della radicalizzazione giovanile violenta in Europa. Il progetto \u00e8 stato sviluppato utilizzando una metodologia a consuzione giovanile, coinvolgendo <strong>75 giovani ricercatori<\/strong> attraverso il partenariato e le varie fasi di sviluppo. Il progetto \u00e8 stato suddiviso in quattro blocchi scientifici. Il primo blocco \u00e8 costituito dalla ricerca secondaria e dal lavoro primario sul campo che ha coinvolto 133 partecipanti. Il secondo blocco ha previsto lo svolgimento di attivit\u00e0 sul campo, coinvolgendo complessivamente 368 partecipanti. Il terzo blocco scientifico ha previsto la partecipazione di un totale di 425 giovani, 338 professionisti e 195 decisori politici. Infine, il quarto blocco ha coinvolto 1408 giovani partecipanti e 517 professionisti. In totale, al progetto <strong>YEIP hanno partecipato direttamente 3384 individui di et\u00e0 compresa tra 16 e 78 anni.<\/strong><br \/>\nNel corso degli ultimi tre anni, il progetto finanziato da Erasmus+ e coordinato dall&#8217;<a href=\"https:\/\/iars.org.uk\/online\">istituto internazionale IARS<\/a> sotto la guida del <a href=\"http:\/\/www.theogavrielides.com\/\">professor Theo Gavrielides<\/a> ha formato gruppi locali di giovani che hanno svolto attivit\u00e0 innovatine sul campo in scuole, carceri minorili, universit\u00e0, centri per i migranti e online. Sono stati coinvolti 18 partner, tra cui autorit\u00e0 pubbliche come il Ministero degli Interni del Regno Unito, il Ministero della Pubblica Istruzione della Romania e la Regione Liguria.<br \/>\nIl professor <a href=\"https:\/\/www.theogavrielides.com\/\">Theo Gavrielides<\/a>, coordinatore scientifico di YEIP, ha dichiarato: \u201cDopo tanto duro lavoro, oggi, siamo orgogliosi di pubblicare i risultati rivoluzionari del nostro progetto a consuzione giovanile, con l&#8217;obiettivo di cambiare non solo le politiche a livello nazionale ed europeo, ma anche il modo in cui vediamo la radicalizzazione giovanile violenta e i giovani in generale. Ripetere quella che si \u00e8 rivelata una filosofia e una pratica fallita \u00e8 una follia. YEIP fornisce una solida base scientifica per ristrutturare le nostre strategie per un&#8217;Europa pi\u00f9 equa e pi\u00f9 sicura\u201d.<br \/>\nI risultati sono pubblicati come parte di un libro, che pu\u00f2 essere scaricato gratuitamente <strong><a href=\"https:\/\/yeip.org\/download\/1819\/\">qui<\/a>.<\/strong><br \/>\nIl progetto ha indagato gli atteggiamenti e le conoscenze di giovani europei, di professionisti che lavorano coi giovani e di altri professionisti, e contemporaneamente ha testato strumenti innovativi per affrontare il fenomeno attraverso la psicologia positiva e l&#8217;applicazione del modello Good Lives.<br \/>\nLe nuove evidenze in merito al tema della radicalizzazione violenta giovanile mostrano un legame tra marginalizzazione e fattori sottostanti di trazione e spinta che portano a ideologie estreme. Sebbene esistano differenze nelle forme che il fenomeno assume nei diversi paesi del progetto e in tutta Europa, esiste un filo conduttore che caratterizza i percorsi di radicalizzazione giovanile violenta. Il progetto sostiene che se questo tema viene affrontato a livello di politica europea, l&#8217;Europa avr\u00e0 maggiori possibilit\u00e0 di affrontare il crescente nazionalismo ed estremismo. Questo tema inoltre \u00e8 correlato al modo in cui i giovani a rischio di radicalizzazione violenta sono &#8220;gestiti&#8221; dal sistema giudiziario esistente come &#8220;rischi&#8221;, poich\u00e9 questo crea ulteriore alienazione e divisione, mentre i tassi di recidiva continuano a crescere.<br \/>\nYEIP presenter\u00e0 i suoi risultati finali il 29 gennaio 2020 in una <a href=\"http:\/\/www.iars.org.uk\/online\/8conference\/\">conferenza internazionale<\/a> presso l&#8217;Universit\u00e0 di East London (UEL). <a href=\"http:\/\/www.iars.org.uk\/online\/8conference\/\">Le registrazioni sono ora aperte<\/a> con relatori di spicco della Commissione europea, le autorit\u00e0 pubbliche dei paesi partecipanti, nonch\u00e9 il parlamentare del Regno Unito Neil Coyle, la shadow justice secretary Diane Abbott e importanti accademici.<br \/>\nL&#8217;autorit\u00e0 pubblica italiana, <strong>la Regione Liguria<\/strong>, ha dichiarato: \u201cAbbiamo firmato un protocollo d&#8217;intesa con il Ministero del lavoro &#8211; Direzione generale per le politiche di immigrazione e integrazione, sulla base del quale la Regione \u00e8 impegnata a trasferire e condividere con la DG le informazioni e i risultati raggiunti attraverso questo progetto. La DG si impegna inoltre a migliorare tutte le informazioni e il materiale del progetto attraverso il loro portale Web &#8220;Integrazione dei migranti&#8221; e a diffondere i risultati raggiunti attraverso la sua rete istituzionale&#8221;.<br \/>\nLa Regione Liguria nella fase di realizzazione del Progetto YEIP, ha svolto azioni di disseminazione, con lo scopo di diffondere gli esiti della ricerca condotta sul tema della radicalizzazione giovanile, tra il MIUR, i professionisti dell\u2019educazione e i responsabili territoriali delle politiche sociali.<br \/>\nSono stati realizzati incontri pubblici per la presentazione del progetto e il confronto con responsabili di Enti Locali, Amministrazioni penitenziarie, Aziende sanitarie locali, Istituti scolastici, Enti di formazione, Associazioni ed Enti del Terzo Settore.<br \/>\nSempre in collaborazione con l\u2019Ufficio Scolastico Regionale, il percorso prosegue con la sperimentazione delle tecniche presentate che prevedono il coinvolgimento di alcuni Istituti Scolastici della Regione Liguria.<br \/>\n&nbsp;<\/p>\n","protected":false},"excerpt":{"rendered":"<p>Oggi, il progetto YEIP (Youth Empowerment and Innovation Project) finanziato dalla Commissione europea, ha pubblicato la sua ultima ricerca in merito alla radicalizzazione giovanile violenta in Europa, concentrandosi in particolare su Regno Unito, Grecia, Cipro, Italia, Portogallo, Svezia e Romania. <\/p>\n","protected":false},"author":1,"featured_media":2310,"comment_status":"closed","ping_status":"closed","sticky":false,"template":"","format":"standard","meta":{"footnotes":""},"categories":[176],"tags":[],"class_list":["post-2309","post","type-post","status-publish","format-standard","has-post-thumbnail","hentry","category-giovani"],"_links":{"self":[{"href":"https:\/\/www.anzianienonsolo.it\/online\/wp-json\/wp\/v2\/posts\/2309"}],"collection":[{"href":"https:\/\/www.anzianienonsolo.it\/online\/wp-json\/wp\/v2\/posts"}],"about":[{"href":"https:\/\/www.anzianienonsolo.it\/online\/wp-json\/wp\/v2\/types\/post"}],"author":[{"embeddable":true,"href":"https:\/\/www.anzianienonsolo.it\/online\/wp-json\/wp\/v2\/users\/1"}],"replies":[{"embeddable":true,"href":"https:\/\/www.anzianienonsolo.it\/online\/wp-json\/wp\/v2\/comments?post=2309"}],"version-history":[{"count":0,"href":"https:\/\/www.anzianienonsolo.it\/online\/wp-json\/wp\/v2\/posts\/2309\/revisions"}],"wp:featuredmedia":[{"embeddable":true,"href":"https:\/\/www.anzianienonsolo.it\/online\/wp-json\/wp\/v2\/media\/2310"}],"wp:attachment":[{"href":"https:\/\/www.anzianienonsolo.it\/online\/wp-json\/wp\/v2\/media?parent=2309"}],"wp:term":[{"taxonomy":"category","embeddable":true,"href":"https:\/\/www.anzianienonsolo.it\/online\/wp-json\/wp\/v2\/categories?post=2309"},{"taxonomy":"post_tag","embeddable":true,"href":"https:\/\/www.anzianienonsolo.it\/online\/wp-json\/wp\/v2\/tags?post=2309"}],"curies":[{"name":"wp","href":"https:\/\/api.w.org\/{rel}","templated":true}]}}