{"id":2302,"date":"2019-12-20T19:44:48","date_gmt":"2019-12-20T18:44:48","guid":{"rendered":"https:\/\/www.anzianienonsolo.it\/?p=2302"},"modified":"2019-12-20T19:44:48","modified_gmt":"2019-12-20T18:44:48","slug":"progetto-sincala-online-la-seconda-newsletter","status":"publish","type":"post","link":"https:\/\/www.anzianienonsolo.it\/online\/progetto-sincala-online-la-seconda-newsletter\/","title":{"rendered":"Progetto Sincala: online la seconda newsletter"},"content":{"rendered":"<p>Esistono differenze sostanziali nel modo in cui gli europei si occupano della cura, questa attivit\u00e0 \u00e8 influenzata fortemente dal background culturale, dalle strutture familiari e dalla disponibilit\u00e0 di servizi di supporto nei vari Paesi europei. Pertanto, \u00e8 importante avere un quadro chiaro delle diverse situazioni nazionali, per poter adattare la formazione alle esigenze dei caregiver e ai diversi contesti nazionali.<br \/>\nLa partnership di SINCALA \u00e8 lieta di annunciare il lancio del rapporto \u201cTell Me About You\u201d, che risponder\u00e0 a questo obiettivo raccogliendo le esigenze e le esperienze delle famiglie che svolgono un ruolo di cura in  in Estonia, Italia, Grecia, Slovenia, Irlanda.<br \/>\n<strong>Per informazioni su come scaricare il documento, leggi la newsletter:<\/strong><br \/>\n<a href=\"https:\/\/sincala.eu\/download\/212\/\">Italian<\/a><\/strong><\/p>\n","protected":false},"excerpt":{"rendered":"<p>A causa di circostanze impreviste e sfortunate, la partnership SINCALA \u00e8 stata costretta a concludere le sue attivit\u00e0 prima del previsto. Il rapporto IO1 \u201cTell Me About You\u201d sar\u00e0 quindi il primo e l\u2019ultimo risultato del progetto.<\/p>\n","protected":false},"author":1,"featured_media":2304,"comment_status":"closed","ping_status":"closed","sticky":false,"template":"","format":"standard","meta":{"footnotes":""},"categories":[120],"tags":[],"class_list":["post-2302","post","type-post","status-publish","format-standard","has-post-thumbnail","hentry","category-generale"],"_links":{"self":[{"href":"https:\/\/www.anzianienonsolo.it\/online\/wp-json\/wp\/v2\/posts\/2302"}],"collection":[{"href":"https:\/\/www.anzianienonsolo.it\/online\/wp-json\/wp\/v2\/posts"}],"about":[{"href":"https:\/\/www.anzianienonsolo.it\/online\/wp-json\/wp\/v2\/types\/post"}],"author":[{"embeddable":true,"href":"https:\/\/www.anzianienonsolo.it\/online\/wp-json\/wp\/v2\/users\/1"}],"replies":[{"embeddable":true,"href":"https:\/\/www.anzianienonsolo.it\/online\/wp-json\/wp\/v2\/comments?post=2302"}],"version-history":[{"count":0,"href":"https:\/\/www.anzianienonsolo.it\/online\/wp-json\/wp\/v2\/posts\/2302\/revisions"}],"wp:featuredmedia":[{"embeddable":true,"href":"https:\/\/www.anzianienonsolo.it\/online\/wp-json\/wp\/v2\/media\/2304"}],"wp:attachment":[{"href":"https:\/\/www.anzianienonsolo.it\/online\/wp-json\/wp\/v2\/media?parent=2302"}],"wp:term":[{"taxonomy":"category","embeddable":true,"href":"https:\/\/www.anzianienonsolo.it\/online\/wp-json\/wp\/v2\/categories?post=2302"},{"taxonomy":"post_tag","embeddable":true,"href":"https:\/\/www.anzianienonsolo.it\/online\/wp-json\/wp\/v2\/tags?post=2302"}],"curies":[{"name":"wp","href":"https:\/\/api.w.org\/{rel}","templated":true}]}}