{"id":2292,"date":"2019-11-10T11:41:20","date_gmt":"2019-11-10T10:41:20","guid":{"rendered":"https:\/\/www.anzianienonsolo.it\/?p=2292"},"modified":"2019-11-10T11:41:20","modified_gmt":"2019-11-10T10:41:20","slug":"yeip-sono-stati-pubblicati-nuovi-dati-dalla-ricerca-youth-led-sulla-radicalizzazione","status":"publish","type":"post","link":"https:\/\/www.anzianienonsolo.it\/online\/yeip-sono-stati-pubblicati-nuovi-dati-dalla-ricerca-youth-led-sulla-radicalizzazione\/","title":{"rendered":"YEIP: sono stati pubblicati nuovi dati dalla ricerca youth-led sulla radicalizzazione"},"content":{"rendered":"<p>Oggi, il progetto <strong><a href=\"https:\/\/yeip.org\/\">YEIP (Youth Empowerment and Innovation Project)<\/a> <\/strong>ha pubblicato nuovi dati raccolti attraverso la ricerca <em>youth-led<\/em> (guidata dai giovani), condotta da 74 ragazze e ragazze in Regno Unito, Grecia, Cipro, Italia, Portogallo, Svezia e Romania, che ha visto il coinvolgimento di 400 partecipanti.<br \/>\nNel corso degli ultimi due anni, il progetto finanziato da Erasmus+ e coordinato dall&#8217;<strong>Istituto internazionale IARS<\/strong> sotto la guida del professor Theo Gavrielides ha formato gruppi locali di giovani che hanno svolto attivit\u00e0 sul campo in scuole, istituti penali per minorenni, universit\u00e0, centri per i migranti e online.<br \/>\nLe nuove ricerche condotte riguardanti la radicalizzazione giovanile violenta mostrano un legame tra discriminazioni e fattori di spinta e attrazione che possono portare ad ideologie estremiste. Sebbene esistano differenze nelle forme e nelle modalit\u00e0 che il fenomeno assume nei vari paesi partner del progetto e in tutta Europa, esiste un filo conduttore che caratterizza i percorsi di radicalizzazione violenta. Il progetto sostiene che se questa discussione verr\u00e0 affrontata a livello di politica europea, l&#8217;Europa potr\u00e0 avere maggiori possibilit\u00e0 di affrontare il crescente nazionalismo ed estremismo. Queste tematiche sono fortemente legate al modo in cui i giovani a rischio di radicalizzazione violenta sono &#8220;gestiti&#8221; dal sistema giudiziario esistente come &#8220;rischi&#8221;. Ci\u00f2 crea ulteriore alienazione e divisione, mentre i tassi di recidiva non calano e questa nuova ricerca sottolinea che l&#8217;attuale approccio ha fallito.<br \/>\n<a href=\"https:\/\/www.theogavrielides.com\/\">Theo Gavrielides<\/a>, coordinatore del progetto YEIP ha dichiarato: \u201c<em>Non possiamo continuare a investire le nostre risorse nazionali ed europee su un paradigma fallito, e questa nuova ricerca condotta dai giovani europei sostiene semplicemente la necessit\u00e0 di una nuova direzione\u201d.<\/em><br \/>\nAma Yarboi, parte dello <a href=\"https:\/\/yeip.org\/about-the-project\/youth-advisory-board\/\">Youth Advisory Board<\/a>, sostiene: \u201c<em>Ora \u00e8 il nostro momento come giovani di insorgere e accettare le responsabilit\u00e0 che abbiamo ereditato dalle generazioni precedenti. \u00c8 cos\u00ec stimolante vedere i giovani guidare questi modelli di intervento politico. Il nostro futuro \u00e8 nelle nostre mani e sappiamo come vogliamo costruirlo\u201d.<\/em><br \/>\nYEIP presenter\u00e0 i risultati finali il 29 gennaio 2020 durante la<strong><a href=\"https:\/\/www.iars.org.uk\/online\/8conference\/\"> conferenza internazionale<\/a><\/strong> che si terr\u00e0 a Londra.<strong> <a href=\"https:\/\/www.iars.org.uk\/online\/8conference\/\">Le registrazioni sono ora aperte<\/a> <\/strong>con relatori di spicco tra cui rappresentanti della Commissione Europea, autorit\u00e0 pubbliche dei paesi partecipanti, nonch\u00e9 il parlamentare Neil Coyle, il segretario ombra alla giustizia Diane Abbott e importanti accademici.<br \/>\nLa dottoressa Manuela Tagliani, giovane ricercatrice del progetto YEIP per il partner italiano Anziani e non solo, ha commentato: <em>\u201cLa ricerca condotta ha dimostrato che alcuni dei bisogni che accomunano i ragazzi sono quelli di sentirsi accettati, apprezzati e ascoltati dagli adulti di riferimento. Questo argomento \u00e8 un importante punto di partenza per la creazione del modello di prevenzione YEIP.\u201d<\/em><br \/>\nScarica\u00a0 qui\u00a0\u00a0report <a href=\"https:\/\/yeip.org\/download\/1747\/\"><strong>Executive Summary<\/strong><\/a><br \/>\n&nbsp;<br \/>\n&nbsp;<br \/>\nQuesto report \u00e8 stato sviluppato nel contesto del Work Package (WP) 2 &#8220;Ricerca sul campo fase 1&#8221; del progetto europeo &#8220;Youth Empowerment and Innovation Project &#8211; YEIP&#8221;, un programma triennale finanziato da Erasmus+ che mira a creare un quadro di prevenzione positiva delle politiche guidato dai giovani, per affrontare e prevenire l&#8217;emarginazione e la radicalizzazione violenta giovanile in Europa. Il progetto \u00e8 iniziato a marzo 2017.<\/p>\n","protected":false},"excerpt":{"rendered":"<p>Oggi, il progetto YEIP (Youth Empowerment and Innovation Project) ha pubblicato nuovi dati raccolti attraverso la ricerca youth-led (guidata dai giovani), condotta da 74 ragazze e ragazze in Regno Unito, Grecia, Cipro, Italia, Portogallo, Svezia e Romania, che ha visto il coinvolgimento di 400 partecipanti.<\/p>\n","protected":false},"author":1,"featured_media":2293,"comment_status":"closed","ping_status":"closed","sticky":false,"template":"","format":"standard","meta":{"footnotes":""},"categories":[115],"tags":[],"class_list":["post-2292","post","type-post","status-publish","format-standard","has-post-thumbnail","hentry","category-pre-viol-ab"],"_links":{"self":[{"href":"https:\/\/www.anzianienonsolo.it\/online\/wp-json\/wp\/v2\/posts\/2292"}],"collection":[{"href":"https:\/\/www.anzianienonsolo.it\/online\/wp-json\/wp\/v2\/posts"}],"about":[{"href":"https:\/\/www.anzianienonsolo.it\/online\/wp-json\/wp\/v2\/types\/post"}],"author":[{"embeddable":true,"href":"https:\/\/www.anzianienonsolo.it\/online\/wp-json\/wp\/v2\/users\/1"}],"replies":[{"embeddable":true,"href":"https:\/\/www.anzianienonsolo.it\/online\/wp-json\/wp\/v2\/comments?post=2292"}],"version-history":[{"count":0,"href":"https:\/\/www.anzianienonsolo.it\/online\/wp-json\/wp\/v2\/posts\/2292\/revisions"}],"wp:featuredmedia":[{"embeddable":true,"href":"https:\/\/www.anzianienonsolo.it\/online\/wp-json\/wp\/v2\/media\/2293"}],"wp:attachment":[{"href":"https:\/\/www.anzianienonsolo.it\/online\/wp-json\/wp\/v2\/media?parent=2292"}],"wp:term":[{"taxonomy":"category","embeddable":true,"href":"https:\/\/www.anzianienonsolo.it\/online\/wp-json\/wp\/v2\/categories?post=2292"},{"taxonomy":"post_tag","embeddable":true,"href":"https:\/\/www.anzianienonsolo.it\/online\/wp-json\/wp\/v2\/tags?post=2292"}],"curies":[{"name":"wp","href":"https:\/\/api.w.org\/{rel}","templated":true}]}}