{"id":2261,"date":"2019-09-24T16:22:59","date_gmt":"2019-09-24T14:22:59","guid":{"rendered":"https:\/\/www.anzianienonsolo.it\/?p=2261"},"modified":"2019-09-24T16:22:59","modified_gmt":"2019-09-24T14:22:59","slug":"progetto-mewe","status":"publish","type":"post","link":"https:\/\/www.anzianienonsolo.it\/online\/progetto-mewe\/","title":{"rendered":"Progetto MEWE"},"content":{"rendered":"<p><img decoding=\"async\" class=\"aligncenter wp-image-2263\" src=\"http:\/\/www.anzianienonsolo.it\/online\/wp-content\/uploads\/2019\/09\/EU_flag_yellow_high-768x512.jpg\" alt=\"\" width=\"151\" height=\"100\" srcset=\"https:\/\/www.anzianienonsolo.it\/online\/wp-content\/uploads\/2019\/09\/EU_flag_yellow_high-768x512.jpg 768w, https:\/\/www.anzianienonsolo.it\/online\/wp-content\/uploads\/2019\/09\/EU_flag_yellow_high-600x400.jpg 600w, https:\/\/www.anzianienonsolo.it\/online\/wp-content\/uploads\/2019\/09\/EU_flag_yellow_high-300x200.jpg 300w, https:\/\/www.anzianienonsolo.it\/online\/wp-content\/uploads\/2019\/09\/EU_flag_yellow_high-1024x683.jpg 1024w, https:\/\/www.anzianienonsolo.it\/online\/wp-content\/uploads\/2019\/09\/EU_flag_yellow_high-1536x1024.jpg 1536w, https:\/\/www.anzianienonsolo.it\/online\/wp-content\/uploads\/2019\/09\/EU_flag_yellow_high-2048x1366.jpg 2048w\" sizes=\"(max-width: 151px) 100vw, 151px\" \/><br \/>\nIn tutta Europa, un numero considerevole di bambini, adolescenti e giovani fornisce assistenza (emotiva, personale, pratica, finanziaria) ad amici o familiari anziani, con disabilit\u00e0, malattie croniche, dipendenza o qualsiasi altra condizione correlata a una necessit\u00e0 di assistenza a lungo termine.<br \/>\nQuesti bambini, adolescenti e giovani &#8211; definiti giovani caregiver &#8211; possono acquisire un forte senso del proprio valore personale dall\u2019esperienza di cura fornita e sperimentare una notevole autostima, empatia e maturit\u00e0. Tuttavia, l\u2019attivit\u00e0 di cura pu\u00f2 anche avere un impatto negativo sul loro sviluppo, compromettendone istruzione, salute mentale e inclusione sociale.<\/p>\n<ul>\n<li>In che modo le politiche e le pratiche esistenti in Italia e in Europa consentono ai giovani caregiver di perseguire i propri obiettivi nella vita e raggiungere il loro pieno potenziale?<\/li>\n<li>Fare il \u201cmiglior interesse\u201d di un giovane caregiver consiste nel \u201cproteggerlo\u201d dallo svolgimento dell\u2019attivit\u00e0 di cura, spesso vista come problematica o inappropriata?<\/li>\n<li>C\u2019\u00e8 bisogno di una legislazione e di politiche specifiche per i giovani caregiver familiari o possono essere altrettanto efficaci quadri normativi pi\u00f9 ampi a tutela di bambini, giovani e persone che svolgono assistenza in generale?<\/li>\n<\/ul>\n<p>La risposta a questi e ad altri quesiti \u00e8 fornita da una serie di raccomandazioni sviluppate nell&#8217;ambito di un innovativo progetto europeo di ricerca, finanziato dal programma Horizon 2020 dell&#8217;Unione Europea e denominato \u201cME-WE\u201d &#8211; Supporto psicosociale per la promozione della salute mentale e del benessere tra i giovani caregiver adolescenti in Europa.<br \/>\nBasandosi sui primi risultati di ricerca le raccomandazioni suggeriscono possibili linee d\u2019azione e di policy.<br \/>\n\u201cNon esiste una soluzione unica per tutti\u201d, afferma Elizabeth Hanson &#8211; Professoressa di Scienze della salute presso l&#8217;Universit\u00e0 Linnaeus (Svezia) e Responsabile scientifico del progetto \u201cME-WE\u201d. In effetti, \u201ci paesi coinvolti nell\u2019attivit\u00e0 di ricerca di questo progetto &#8211; Svezia, Regno Unito, Svizzera, Paesi Bassi, Italia e Slovenia &#8211; si trovano in fasi diverse di consapevolezza sul tema. Per questo motivo e anche per tenere in considerazione esigenze e preferenze degli utenti a livello nazionale, tali paesi, ad oggi, hanno messo in campo azioni di differente intensit\u00e0 per sostenere i giovani caregiver\u201d, Quindi, oltre a un breve confronto internazionale tra i paesi coinvolti nel progetto, il consorzio \u201cME-WE\u201d ha elaborato raccomandazioni specifiche per paese. \u201cAl di l\u00e0 delle specificit\u00e0 di ciascun contesto nazionale, esistono priorit\u00e0 politiche valide per tutti i paesi: i giovani caregiver devono essere identificati, supportati e coinvolti attivamente in decisioni che li riguardano affinch\u00e9 siano in grado di perseguire i loro obiettivi nella vita e di realizzare il loro pieno potenziale\u201d, afferma Francesca Centola, coordinatrice delle attivit\u00e0 di Eurocarers (partner di progetto).<br \/>\nSe condividi le nostre finalit\u00e0 e vuoi sapere quali azioni concrete puoi intraprendere per supportare i giovani caregiver, leggi le raccomandazioni di policy disponibili al seguente<br \/>\nlink <strong><a href=\"https:\/\/me-we.eu\/internal-resources\/\">https:\/\/me-we.eu\/internal-resources\/<\/a><\/strong><br \/>\n***<br \/>\nPer ulteriori informazioni sul progetto \u201cME-WE\u201d, visita il sito web del progetto: <strong><a href=\"https:\/\/me-we.eu\/\">https:\/\/me-we.eu\/<\/a><\/strong><br \/>\nPer ulteriori informazioni sulle attivit\u00e0 di Eurocarers con e per i giovani caregiver, si prega di contattare Francesca Centola al seguente indirizzo e-mail: <strong><a href=\"mailto:fc@eurocarers.org\">fc@eurocarers.org<\/a><\/strong><br \/>\n<strong>Per informazioni e contatti relativi al progetto \u201cME-WE\u201d in Italia:<\/strong><br \/>\nAnziani e non solo soc. coop. Soc. \/ Progetto giovani caregiver<br \/>\nDott.ssa Licia Boccaletti: <strong><a href=\"mailto:info@giovanicaregiver.it\">info@giovanicaregiver.it<\/a><\/strong><br \/>\nIRRCS-INRCA \u2013 Istituto Nazionale di Riposo e Cura Anziani, Ancona-<br \/>\nDott.ssa Sara Santini: <strong><a href=\"mailto:s.santini2@inrca.it\">s.santini2@inrca.it<\/a><\/strong><br \/>\n&nbsp;<br \/>\n<img fetchpriority=\"high\" decoding=\"async\" class=\"aligncenter size-medium_large wp-image-2262\" src=\"http:\/\/www.anzianienonsolo.it\/online\/wp-content\/uploads\/2019\/09\/Partner_mewe-768x438.png\" alt=\"\" width=\"768\" height=\"438\" srcset=\"https:\/\/www.anzianienonsolo.it\/online\/wp-content\/uploads\/2019\/09\/Partner_mewe-768x438.png 768w, https:\/\/www.anzianienonsolo.it\/online\/wp-content\/uploads\/2019\/09\/Partner_mewe-600x343.png 600w, https:\/\/www.anzianienonsolo.it\/online\/wp-content\/uploads\/2019\/09\/Partner_mewe-300x171.png 300w, https:\/\/www.anzianienonsolo.it\/online\/wp-content\/uploads\/2019\/09\/Partner_mewe.png 874w\" sizes=\"(max-width: 768px) 100vw, 768px\" \/><\/p>\n","protected":false},"excerpt":{"rendered":"<p>Consentire ai giovani caregiver familiari di perseguire i propri obiettivi e raggiungere il loro pieno potenziale. Trasferire i risultati del progetto ME-WE nelle politiche\u201d. Presentazione delle prime raccomandazioni di policy<\/p>\n","protected":false},"author":1,"featured_media":1845,"comment_status":"closed","ping_status":"closed","sticky":false,"template":"","format":"standard","meta":{"footnotes":""},"categories":[173],"tags":[],"class_list":["post-2261","post","type-post","status-publish","format-standard","has-post-thumbnail","hentry","category-giovani-caregiver-2"],"_links":{"self":[{"href":"https:\/\/www.anzianienonsolo.it\/online\/wp-json\/wp\/v2\/posts\/2261"}],"collection":[{"href":"https:\/\/www.anzianienonsolo.it\/online\/wp-json\/wp\/v2\/posts"}],"about":[{"href":"https:\/\/www.anzianienonsolo.it\/online\/wp-json\/wp\/v2\/types\/post"}],"author":[{"embeddable":true,"href":"https:\/\/www.anzianienonsolo.it\/online\/wp-json\/wp\/v2\/users\/1"}],"replies":[{"embeddable":true,"href":"https:\/\/www.anzianienonsolo.it\/online\/wp-json\/wp\/v2\/comments?post=2261"}],"version-history":[{"count":0,"href":"https:\/\/www.anzianienonsolo.it\/online\/wp-json\/wp\/v2\/posts\/2261\/revisions"}],"wp:featuredmedia":[{"embeddable":true,"href":"https:\/\/www.anzianienonsolo.it\/online\/wp-json\/wp\/v2\/media\/1845"}],"wp:attachment":[{"href":"https:\/\/www.anzianienonsolo.it\/online\/wp-json\/wp\/v2\/media?parent=2261"}],"wp:term":[{"taxonomy":"category","embeddable":true,"href":"https:\/\/www.anzianienonsolo.it\/online\/wp-json\/wp\/v2\/categories?post=2261"},{"taxonomy":"post_tag","embeddable":true,"href":"https:\/\/www.anzianienonsolo.it\/online\/wp-json\/wp\/v2\/tags?post=2261"}],"curies":[{"name":"wp","href":"https:\/\/api.w.org\/{rel}","templated":true}]}}