{"id":2059,"date":"2018-10-31T16:22:45","date_gmt":"2018-10-31T15:22:45","guid":{"rendered":"https:\/\/www.anzianienonsolo.it\/?p=2059"},"modified":"2018-10-31T16:22:45","modified_gmt":"2018-10-31T15:22:45","slug":"lavoro-di-cura-e-legalita-formare-e-dare-valore-al-ruolo-delle-assistenti-familiari","status":"publish","type":"post","link":"https:\/\/www.anzianienonsolo.it\/online\/lavoro-di-cura-e-legalita-formare-e-dare-valore-al-ruolo-delle-assistenti-familiari\/","title":{"rendered":"Lavoro di cura e legalit\u00e0: formare e dare valore al ruolo delle assistenti familiari"},"content":{"rendered":"<p>Luned\u00ec 29 ottobre a Modena  presso la Sala \u201cG. Agnini\u201d della Legacoop Estense ( g.c.) si \u00e8 tenuto l\u2019incontro di apertura del corso per Assistenti familiari promosso dall\u2019<a href=\"https:\/\/www.umana.it\" rel=\"noopener\" target=\"_blank\"><strong>Agenzia per il Lavoro \u201cUMANA\u201d<\/strong><\/a> insieme  al suo Ente formativo <a href=\"https:\/\/www.umanaforma.it\/\" rel=\"noopener\" target=\"_blank\"><strong>Umana Forma<\/strong><\/a>  con  il coordinamento didattico della Cooperativa sociale \u201c<a href=\"https:\/\/www.anzianienonsolo.it\" rel=\"noopener\" target=\"_blank\"><strong>Anziani e non solo<\/strong><\/a>\u201d.<br \/>\nL\u2019incontro iniziale, aperto alla partecipazione dei diversi attori e soggetti interessati, ha voluto affrontare la delicata tematica di \u201c<strong>LAVORO DI CURA E LEGALITA\u2019<\/strong>\u201d. La tematica \u00e8 considerata infatti parte integrante del percorso formativo che vuole preparare non soltanto ad una efficace e idonea gestione dei processi assistenziali ma vuole valorizzare un comportamento di cura centrata sul rispetto dei diritti e dei doveri reciproci nelle relazioni fra chi cura e chi \u00e8 curato<br \/>\nHanno portato il loro contributo al confronto: <strong>Catia Toffanello<\/strong> \/Referente Legacoop sociali, <strong>Andrea Zini<\/strong> \/Vice Presidente Assindatcolf (l\u2019Associazione nazionale dei datori di lavoro domestici), <strong>Marco Calvetto<\/strong>\/Responsabile Servizio lavoro del Patronato Acli nazionale, <strong>Tamara Calzolari<\/strong>\/Segretaria Confederale CGIL Modena, <strong>Davide Rocca<\/strong> \/Referente per Bologna dell\u2019Area Sanit\u00e0 e Servizi alle persone di Umana s.p.a.<br \/>\nNello specifico:<br \/>\n-Toffanello ha chiarito i ruoli distinti e complementari dei servizi assistenziali offerti dalla cooperazione sociale e dal lavoro di cura di  assistenza familiare al fine di costruire una rete di servizi integrata a sostegno di un nuovo welfare.<br \/>\n&#8211; Zini ha chiarito le caratteristiche del contratto di lavoro nella sua specificit\u00e0 di regolare un rapporto basato sulla fiducia, sulla peculiarit\u00e0 di un ambiente di lavoro domestico e sulla qualit\u00e0 professionale. Il percorso per la legalit\u00e0- ha continuato- sarebbe agevolato da una detraibilit\u00e0 fiscale dei costi dell\u2019assistenza.<br \/>\n&#8211; Calvetto ha ribadito l\u2019importanza che l\u2019incontro domanda offerta di lavoro di cura avvenga in un quadro di Agenzie autorizzate in grado anche di coglierei bisogni assistenziali e di accompagnare durante il rapporto di lavoro, come nell\u2019esperienza del Patronato Acli.<br \/>\n&#8211; Calzolari ha ribadito le importanti conquiste che la contrattazione collettiva ha raggiunto nel miglioramento delle condizioni di lavoro e dei diritti delle lavoratrici impegnate nella cura e ha ricordato come solo attraverso la legalit\u00e0 si possa garantire una assistenza di qualit\u00e0 a favore delle persone fragili nel quadro di una rete di servizi pubblici.<br \/>\n&#8211; Rocca ha esplicitato come una Agenzia per il lavoro autorizzata che offra personale competente in somministrazione sia in grado di assicurare legalit\u00e0, aiutare le famiglie nella gestione del rapporto di lavoro, nella mediazione e organizzazione del servizio anche in una fase critica come le dimissioni ospedaliere come ormai sperimentato in tutta la Provincia di Bologna.<br \/>\nSi sono susseguite domande e interventi molto partecipati degli allievi del corso<br \/>\n&#8211; Boccaletti di \u201cAnziani e non solo\u201d, nelle sue conclusioni, ha ricordato infine come   della Legalit\u00e0 e cura sono termini strettamente intrecciati. Non si pu\u00f2 pensare di qualificare il lavoro di cura in un settore come quello dell\u2019assistenza familiare, che diviene sempre pi\u00f9 chiave di volta del nostro welfare, se non \u00e8 basato sulla chiave di volta della legalit\u00e0. Anche i recenti episodi e le inchieste in corso nel nostro territorio lo confermano.<br \/>\nFare legalit\u00e0 attraverso la formazione significa occuparsi anche della prevenzione di abusi e di etica della cura per garantire qualit\u00e0 e futuro a questo importante ruolo.<\/p>\n","protected":false},"excerpt":{"rendered":"<p>Luned\u00ec 29 ottobre a Modena  presso la Sala \u201cG. Agnini\u201d della Legacoop Estense ( g.c.) si \u00e8 tenuto l\u2019incontro di apertura del corso per Assistenti familiari promosso dall\u2019Agenzia per il Lavoro \u201cUMANA\u201d insieme  al suo Ente formativo Umana Forma  con  il coordinamento didattico della Cooperativa sociale \u201cAnziani e non solo\u201d.<\/p>\n","protected":false},"author":1,"featured_media":2060,"comment_status":"closed","ping_status":"closed","sticky":false,"template":"","format":"standard","meta":{"footnotes":""},"categories":[121],"tags":[],"class_list":["post-2059","post","type-post","status-publish","format-standard","has-post-thumbnail","hentry","category-formazione"],"_links":{"self":[{"href":"https:\/\/www.anzianienonsolo.it\/online\/wp-json\/wp\/v2\/posts\/2059"}],"collection":[{"href":"https:\/\/www.anzianienonsolo.it\/online\/wp-json\/wp\/v2\/posts"}],"about":[{"href":"https:\/\/www.anzianienonsolo.it\/online\/wp-json\/wp\/v2\/types\/post"}],"author":[{"embeddable":true,"href":"https:\/\/www.anzianienonsolo.it\/online\/wp-json\/wp\/v2\/users\/1"}],"replies":[{"embeddable":true,"href":"https:\/\/www.anzianienonsolo.it\/online\/wp-json\/wp\/v2\/comments?post=2059"}],"version-history":[{"count":0,"href":"https:\/\/www.anzianienonsolo.it\/online\/wp-json\/wp\/v2\/posts\/2059\/revisions"}],"wp:featuredmedia":[{"embeddable":true,"href":"https:\/\/www.anzianienonsolo.it\/online\/wp-json\/wp\/v2\/media\/2060"}],"wp:attachment":[{"href":"https:\/\/www.anzianienonsolo.it\/online\/wp-json\/wp\/v2\/media?parent=2059"}],"wp:term":[{"taxonomy":"category","embeddable":true,"href":"https:\/\/www.anzianienonsolo.it\/online\/wp-json\/wp\/v2\/categories?post=2059"},{"taxonomy":"post_tag","embeddable":true,"href":"https:\/\/www.anzianienonsolo.it\/online\/wp-json\/wp\/v2\/tags?post=2059"}],"curies":[{"name":"wp","href":"https:\/\/api.w.org\/{rel}","templated":true}]}}