{"id":2048,"date":"2018-10-16T11:55:03","date_gmt":"2018-10-16T09:55:03","guid":{"rendered":"https:\/\/www.anzianienonsolo.it\/?p=2048"},"modified":"2018-10-16T11:55:03","modified_gmt":"2018-10-16T09:55:03","slug":"lavori-di-cura-e-legalita-apertura-del-corso-per-assistenti-familiari-a-modena","status":"publish","type":"post","link":"https:\/\/www.anzianienonsolo.it\/online\/lavori-di-cura-e-legalita-apertura-del-corso-per-assistenti-familiari-a-modena\/","title":{"rendered":"Lavoro di cura e legalit\u00e0: apertura del corso per assistenti familiari a Modena"},"content":{"rendered":"<p>Luned\u00ec 29 ottobre dalle ore 14 30 in Viale Fabriani,120 a Modena presso la Sala \u201cG. Agnini\u201d della Legacoop Estense ( g.c.) si terr\u00e0 l\u2019incontro di apertura del corso per Assistenti familiari promosso dall\u2019Agenzia per il Lavoro \u201cUMANA\u201d insieme al suo Ente formativo Umana Forma con il coordinamento didattico della Cooperativa sociale \u201cAnziani e non solo\u201d.<br \/>\nL\u2019incontro iniziale, aperto alla partecipazione dei diversi attori e soggetti interessati, vuole affrontare la delicata tematica di \u201cLAVORO DI CURA E LEGALITA\u2019\u201d. La tematica \u00e8 parte integrante del percorso formativo che vuole preparare non soltanto ad una efficace e idonea gestione dei processi assistenziali ma vuole valorizzare un comportamento di cura centrata sul rispetto dei diritti e dei doveri reciproci nelle relazioni fra chi cura e chi \u00e8 curato Porteranno il loro contributo al confronto: Catia Toffanello \/Referente Legacoop sociali, Andrea Zini \/Vice Presidente Assindatcolf (l\u2019Associazione nazionale dei datori di lavoro domestici), Marco Calvetto\/Responsabile Servizio lavoro del Patronato Acli nazionale, Tamara Calzolari\/Segretaria Confederale CGIL Modena, Luigi Polesel\/Responsabile Area Sanit\u00e0 e Servizi alle persone di Umana s.p.a.<br \/>\nFederico Boccaletti, Vice Presidente di Anziani e non solo, docente del corso, che introdurr\u00e0 la tavola rotonda ha rilasciato la seguente dichiarazione: <em>\u201dLegalit\u00e0 e cura sono termini strettamente intrecciati. Non si pu\u00f2 pensare di qualificare il lavoro di cura in un settore come quello dell\u2019assistenza familiare, che diviene sempre pi\u00f9 chiave di volta del nostro welfare, se non \u00e8 basato sulla chiave di volta della legalit\u00e0. Anche i recenti episodi avvenuti nel nostro territorio lo confermano Quando si tratta di legalit\u00e0 si intende cogliere tutte le sue diverse dimensioni: la natura del rapporto di lavoro fra lavoratore e famiglia, il rispetto dei contratti e degli obblighi previdenziali e fiscali, ma anche la qualit\u00e0 dell\u2019incrocio domanda offerta che si basi sul rispetto di norme e autorizzazioni a garanzia dei diversi soggetti coinvolti\u201d.<\/em><br \/>\nFare legalit\u00e0 attraverso la formazione significa occuparsi anche della prevenzione di abusi e di etica della cura per garantire qualit\u00e0 e futuro a questo importante ruolo.<\/p>\n","protected":false},"excerpt":{"rendered":"<p>Luned\u00ec 29 ottobre dalle ore 14 30 in Viale Fabriani,120 a Modena presso la Sala \u201cG. Agnini\u201d della Legacoop Estense ( g.c.) si terr\u00e0 l\u2019incontro di apertura del corso per Assistenti familiari promosso dall\u2019Agenzia per il Lavoro \u201cUMANA\u201d insieme al suo Ente formativo Umana Forma con il coordinamento didattico della Cooperativa sociale \u201cAnziani e non solo\u201d.<\/p>\n","protected":false},"author":1,"featured_media":381,"comment_status":"closed","ping_status":"closed","sticky":false,"template":"","format":"standard","meta":{"footnotes":""},"categories":[114],"tags":[],"class_list":["post-2048","post","type-post","status-publish","format-standard","has-post-thumbnail","hentry","category-assistenti-familiari"],"_links":{"self":[{"href":"https:\/\/www.anzianienonsolo.it\/online\/wp-json\/wp\/v2\/posts\/2048"}],"collection":[{"href":"https:\/\/www.anzianienonsolo.it\/online\/wp-json\/wp\/v2\/posts"}],"about":[{"href":"https:\/\/www.anzianienonsolo.it\/online\/wp-json\/wp\/v2\/types\/post"}],"author":[{"embeddable":true,"href":"https:\/\/www.anzianienonsolo.it\/online\/wp-json\/wp\/v2\/users\/1"}],"replies":[{"embeddable":true,"href":"https:\/\/www.anzianienonsolo.it\/online\/wp-json\/wp\/v2\/comments?post=2048"}],"version-history":[{"count":0,"href":"https:\/\/www.anzianienonsolo.it\/online\/wp-json\/wp\/v2\/posts\/2048\/revisions"}],"wp:featuredmedia":[{"embeddable":true,"href":"https:\/\/www.anzianienonsolo.it\/online\/wp-json\/wp\/v2\/media\/381"}],"wp:attachment":[{"href":"https:\/\/www.anzianienonsolo.it\/online\/wp-json\/wp\/v2\/media?parent=2048"}],"wp:term":[{"taxonomy":"category","embeddable":true,"href":"https:\/\/www.anzianienonsolo.it\/online\/wp-json\/wp\/v2\/categories?post=2048"},{"taxonomy":"post_tag","embeddable":true,"href":"https:\/\/www.anzianienonsolo.it\/online\/wp-json\/wp\/v2\/tags?post=2048"}],"curies":[{"name":"wp","href":"https:\/\/api.w.org\/{rel}","templated":true}]}}