{"id":1911,"date":"2018-05-03T16:19:16","date_gmt":"2018-05-03T14:19:16","guid":{"rendered":"http:\/\/www.anzianienonsolo.it\/?p=1911"},"modified":"2018-05-03T16:19:16","modified_gmt":"2018-05-03T14:19:16","slug":"caregiver-day-2018-un-mese-diniziative-rivolte-a-chi-si-occupa-di-familiari-non-autonomi","status":"publish","type":"post","link":"https:\/\/www.anzianienonsolo.it\/online\/caregiver-day-2018-un-mese-diniziative-rivolte-a-chi-si-occupa-di-familiari-non-autonomi\/","title":{"rendered":"Caregiver Day 2018: un mese d\u2019iniziative rivolte a chi si occupa di familiari non autonomi"},"content":{"rendered":"<p>CARPI (MO), 3 MAGGIO 2018 &#8211; Avr\u00e0 anche il saluto di Gianni Morandi e la testimonianza dell&#8217;oro olimpico Yuri Chechi l&#8217;ottavo Caregiver Day-Mi prendo cura di te, l&#8217;iniziativa dedicata a chi assiste per ragioni affettive una persona non autosufficiente.<br \/>\nL&#8217;edizione 2018, presentata oggi in Municipio, si svolger\u00e0 come tradizione per tutto maggio (da domani al 28) spaziando dalle sinergie fra medici, operatori e caregiver al ruolo di quelli pi\u00f9 giovani, dalla narrazione come terapia alle app dedicate.<br \/>\nIl titolo di quest&#8217;anno \u00e8 \u201dPrendersi cura: insieme!\u201c perch\u00e9 il programma verte sul tema \u00abcostruire una alleanza di cura per prevenire e sostenere la fragilit\u00e0, la cronicit\u00e0, la disabilit\u00e0\u00bb: un programma progettato e organizzato come sempre dalla cooperativa \u201cAnziani e non solo\u201d di Carpi con il sostegno dell&#8217;Unione Comuni Terre d&#8217;Argine e il patrocinio di Ausl, Regione e Carer- Associazione Caregiver dell\u2019Emilia-Romagna.<br \/>\nGli appuntamenti, tutti gratuiti, si tengono a Carpi e Bologna: si parte presentando una selezione di applicazioni e siti Web, realizzata nell\u2019ambito del progetto europeo \u201cApps4Carer\u201d, per rispondere a esigenze di questi familiari; poi si passeranno in rassegna alcune buone pratiche verso gli anziani fragili e chi li assiste, messe in atto sia a livello locale sia da soggetti come il Comune di Milano o la rete francese Monalisa; si affronteranno quindi le problematiche dei giovani caregiver, con un incontro-spettacolo il 19 cui parteciper\u00e0 Carlo Miccio, autore del libro \u201cLa trappola del fuorigioco\u201d; il quarto momento \u00e8 rivolto a medici di medicina generale, operatori del servizio infermieristico domiciliare e assistenti sociali, e dedicato alle sinergie sviluppabili tra servizi sociali e cure primarie per sostenere il caregiver; quindi il 26 si parler\u00e0 di come gestire le persone con patologie croniche, a partire dal primo \u201cPiano nazionale cronicit\u00e0\u201d e dai risultati di una ricerca Censis su chi assiste pazienti cronici; il programma si chiuder\u00e0 il 28 nell&#8217;aula<br \/>\nmagna della Regione, dove si approfondir\u00e0 fra l&#8217;altro il valore di una \u201cetica della cura\u201d e di politiche regionali e nazionali per coniugare servizi istituzionali e risorse di cura familiari e di comunit\u00e0.<br \/>\nL&#8217;ex-ginnasta Yuri Chechi succede nel ruolo di testimonial a personaggi come Pupi Avati, Beppe Carletti, Luciano Ligabue, Daniela Poggi e Giulio Scarpati: la sua esperienza personale sar\u00e0 raccontata il 26, ultimo sabato di maggio, Giornata del caregiver istituita con la legge regionale dell\u2019Emilia-Romagna 2\/2014, prima in Italia.<br \/>\n<strong>Informazioni e iscrizioni: <\/strong><br \/>\nAnziani e non dolo<br \/>\n<a href=\"mailto:info@anzianienonsolo.it\">info@anzianienonsolo.it<\/a><br \/>\nTel. 059645421<br \/>\n<a href=\"http:\/\/www.caregiverday.it\">www.caregiverday.it<\/a><br \/>\n<div id='gallery-1' class='gallery galleryid-1911 gallery-columns-3 gallery-size-thumbnail'><figure class='gallery-item'>\n\t\t\t<div class='gallery-icon landscape'>\n\t\t\t\t<img decoding=\"async\" width=\"150\" height=\"150\" src=\"https:\/\/www.anzianienonsolo.it\/online\/wp-content\/uploads\/2018\/05\/IMG_5575-150x150.jpg\" class=\"attachment-thumbnail size-thumbnail\" alt=\"\" srcset=\"https:\/\/www.anzianienonsolo.it\/online\/wp-content\/uploads\/2018\/05\/IMG_5575-150x150.jpg 150w, https:\/\/www.anzianienonsolo.it\/online\/wp-content\/uploads\/2018\/05\/IMG_5575-scaled-300x300.jpg 300w, https:\/\/www.anzianienonsolo.it\/online\/wp-content\/uploads\/2018\/05\/IMG_5575-scaled-100x100.jpg 100w, https:\/\/www.anzianienonsolo.it\/online\/wp-content\/uploads\/2018\/05\/IMG_5575-50x50.jpg 50w, https:\/\/www.anzianienonsolo.it\/online\/wp-content\/uploads\/2018\/05\/IMG_5575-320x320.jpg 320w\" sizes=\"(max-width: 150px) 100vw, 150px\" \/>\n\t\t\t<\/div><\/figure><figure class='gallery-item'>\n\t\t\t<div class='gallery-icon portrait'>\n\t\t\t\t<img decoding=\"async\" width=\"150\" height=\"150\" src=\"https:\/\/www.anzianienonsolo.it\/online\/wp-content\/uploads\/2018\/05\/IMG_5574-150x150.jpg\" class=\"attachment-thumbnail size-thumbnail\" alt=\"\" srcset=\"https:\/\/www.anzianienonsolo.it\/online\/wp-content\/uploads\/2018\/05\/IMG_5574-150x150.jpg 150w, https:\/\/www.anzianienonsolo.it\/online\/wp-content\/uploads\/2018\/05\/IMG_5574-scaled-300x300.jpg 300w, https:\/\/www.anzianienonsolo.it\/online\/wp-content\/uploads\/2018\/05\/IMG_5574-scaled-100x100.jpg 100w, https:\/\/www.anzianienonsolo.it\/online\/wp-content\/uploads\/2018\/05\/IMG_5574-50x50.jpg 50w, https:\/\/www.anzianienonsolo.it\/online\/wp-content\/uploads\/2018\/05\/IMG_5574-320x320.jpg 320w\" sizes=\"(max-width: 150px) 100vw, 150px\" \/>\n\t\t\t<\/div><\/figure><figure class='gallery-item'>\n\t\t\t<div class='gallery-icon landscape'>\n\t\t\t\t<img decoding=\"async\" width=\"150\" height=\"150\" src=\"https:\/\/www.anzianienonsolo.it\/online\/wp-content\/uploads\/2018\/05\/IMG_5572-150x150.jpg\" class=\"attachment-thumbnail size-thumbnail\" alt=\"\" srcset=\"https:\/\/www.anzianienonsolo.it\/online\/wp-content\/uploads\/2018\/05\/IMG_5572-150x150.jpg 150w, https:\/\/www.anzianienonsolo.it\/online\/wp-content\/uploads\/2018\/05\/IMG_5572-scaled-300x300.jpg 300w, https:\/\/www.anzianienonsolo.it\/online\/wp-content\/uploads\/2018\/05\/IMG_5572-scaled-100x100.jpg 100w, https:\/\/www.anzianienonsolo.it\/online\/wp-content\/uploads\/2018\/05\/IMG_5572-50x50.jpg 50w, https:\/\/www.anzianienonsolo.it\/online\/wp-content\/uploads\/2018\/05\/IMG_5572-320x320.jpg 320w\" sizes=\"(max-width: 150px) 100vw, 150px\" \/>\n\t\t\t<\/div><\/figure><figure class='gallery-item'>\n\t\t\t<div class='gallery-icon landscape'>\n\t\t\t\t<img loading=\"lazy\" decoding=\"async\" width=\"150\" height=\"150\" src=\"https:\/\/www.anzianienonsolo.it\/online\/wp-content\/uploads\/2018\/05\/IMG_5571-150x150.jpg\" class=\"attachment-thumbnail size-thumbnail\" alt=\"\" srcset=\"https:\/\/www.anzianienonsolo.it\/online\/wp-content\/uploads\/2018\/05\/IMG_5571-150x150.jpg 150w, https:\/\/www.anzianienonsolo.it\/online\/wp-content\/uploads\/2018\/05\/IMG_5571-scaled-300x300.jpg 300w, https:\/\/www.anzianienonsolo.it\/online\/wp-content\/uploads\/2018\/05\/IMG_5571-scaled-100x100.jpg 100w, https:\/\/www.anzianienonsolo.it\/online\/wp-content\/uploads\/2018\/05\/IMG_5571-50x50.jpg 50w, https:\/\/www.anzianienonsolo.it\/online\/wp-content\/uploads\/2018\/05\/IMG_5571-320x320.jpg 320w\" sizes=\"(max-width: 150px) 100vw, 150px\" \/>\n\t\t\t<\/div><\/figure><figure class='gallery-item'>\n\t\t\t<div class='gallery-icon landscape'>\n\t\t\t\t<img loading=\"lazy\" decoding=\"async\" width=\"150\" height=\"150\" src=\"https:\/\/www.anzianienonsolo.it\/online\/wp-content\/uploads\/2018\/05\/IMG_5566-150x150.jpg\" class=\"attachment-thumbnail size-thumbnail\" alt=\"\" srcset=\"https:\/\/www.anzianienonsolo.it\/online\/wp-content\/uploads\/2018\/05\/IMG_5566-150x150.jpg 150w, https:\/\/www.anzianienonsolo.it\/online\/wp-content\/uploads\/2018\/05\/IMG_5566-scaled-300x300.jpg 300w, https:\/\/www.anzianienonsolo.it\/online\/wp-content\/uploads\/2018\/05\/IMG_5566-scaled-100x100.jpg 100w, https:\/\/www.anzianienonsolo.it\/online\/wp-content\/uploads\/2018\/05\/IMG_5566-50x50.jpg 50w, https:\/\/www.anzianienonsolo.it\/online\/wp-content\/uploads\/2018\/05\/IMG_5566-320x320.jpg 320w\" sizes=\"(max-width: 150px) 100vw, 150px\" \/>\n\t\t\t<\/div><\/figure>\n\t\t<\/div>\n","protected":false},"excerpt":{"rendered":"<p>Avr\u00e0 anche il saluto di Gianni Morandi e la testimonianza dell\u2019oro olimpico Yuri Chechi l\u2019ottavo Caregiver Day-Mi prendo cura di te, l\u2019iniziativa dedicata a chi assiste per ragioni affettive una persona non autosufficiente.<\/p>\n","protected":false},"author":1,"featured_media":1916,"comment_status":"closed","ping_status":"closed","sticky":false,"template":"","format":"standard","meta":{"footnotes":""},"categories":[116],"tags":[],"class_list":["post-1911","post","type-post","status-publish","format-standard","has-post-thumbnail","hentry","category-carfam"],"_links":{"self":[{"href":"https:\/\/www.anzianienonsolo.it\/online\/wp-json\/wp\/v2\/posts\/1911"}],"collection":[{"href":"https:\/\/www.anzianienonsolo.it\/online\/wp-json\/wp\/v2\/posts"}],"about":[{"href":"https:\/\/www.anzianienonsolo.it\/online\/wp-json\/wp\/v2\/types\/post"}],"author":[{"embeddable":true,"href":"https:\/\/www.anzianienonsolo.it\/online\/wp-json\/wp\/v2\/users\/1"}],"replies":[{"embeddable":true,"href":"https:\/\/www.anzianienonsolo.it\/online\/wp-json\/wp\/v2\/comments?post=1911"}],"version-history":[{"count":0,"href":"https:\/\/www.anzianienonsolo.it\/online\/wp-json\/wp\/v2\/posts\/1911\/revisions"}],"wp:featuredmedia":[{"embeddable":true,"href":"https:\/\/www.anzianienonsolo.it\/online\/wp-json\/wp\/v2\/media\/1916"}],"wp:attachment":[{"href":"https:\/\/www.anzianienonsolo.it\/online\/wp-json\/wp\/v2\/media?parent=1911"}],"wp:term":[{"taxonomy":"category","embeddable":true,"href":"https:\/\/www.anzianienonsolo.it\/online\/wp-json\/wp\/v2\/categories?post=1911"},{"taxonomy":"post_tag","embeddable":true,"href":"https:\/\/www.anzianienonsolo.it\/online\/wp-json\/wp\/v2\/tags?post=1911"}],"curies":[{"name":"wp","href":"https:\/\/api.w.org\/{rel}","templated":true}]}}