{"id":1892,"date":"2018-03-28T14:56:59","date_gmt":"2018-03-28T12:56:59","guid":{"rendered":"http:\/\/www.anzianienonsolo.it\/?p=1892"},"modified":"2018-03-28T14:56:59","modified_gmt":"2018-03-28T12:56:59","slug":"verso-una-nuova-domiciliarita-ne-parla-anziani-e-non-solo-ad-exposanita","status":"publish","type":"post","link":"https:\/\/www.anzianienonsolo.it\/online\/verso-una-nuova-domiciliarita-ne-parla-anziani-e-non-solo-ad-exposanita\/","title":{"rendered":"Verso una nuova domiciliarit\u00e0: ne parla Anziani e non solo ad Exposanit\u00e0"},"content":{"rendered":"<p><strong>VERSO UNA NUOVA DOMICILIARIT\u00c0: AMBIENTI DI VITA ASSISTITI E TECNOLOGIE A SOSTEGNO DELLA<br \/>\nQUALIT\u00c0 DI VITA E ASSISTENZA ALLA PERSONA ANZIANA: se ne parla ad Exposanita\u2019 gioved\u00ec 19 aprile ore 9,30.<\/strong><br \/>\nLa dinamica demografica &#8211; caratterizzata dall\u2019aumento esponenziale della popolazione anziana, dalla crescita di condizioni di fragilit\u00e0, di patologie croniche, di progressiva non autosufficienza in funzioni di vita quotidiana- ha comportato un profondo cambiamento dei bisogni assistenziali.<br \/>\nIn Italia ben un anziano su due soffre di almeno una malattia cronica grave o \u00e8 multicronico ( con quote tra gli ultraottantenni rispettivamente di 59% e 64%) ed il 23,1% degli anziani ha gravi limitazioni motorie. La grave riduzione di autonomia personale riguarda oltre un anziano su dieci. (Fonte:ISTAT)<br \/>\nLa crescita di domanda di cura  non si esprime in mera necessit\u00e0 di pi\u00f9 servizi:  richiede  una organica integrazione tra ospedale  e territorio, tra servizi domiciliari e residenziali, tra cure familiari e cure professionali, nonch\u00e9 una maggiore differenziazione e personalizzazione nella cura e nelle cure favorendo altres\u00ec  il pi\u00f9 possibile la permanenza  della persona anziana nel proprio contesto di vita.<br \/>\nLe tecnologie possono  essere  fattore critico non solo  per monitorare lo stato di salute e l\u2019empowerment del paziente, per consentire lo scambio di informazioni tra caregiver informali  e  operatori professionali, ma anche per favorire l\u2019invecchiamento attivo,  il sostegno alle abilit\u00e0 residue, a  forme di vita indipendente  e di inclusione\/integrazione nella comunit\u00e0.<br \/>\nIn questi anni le tecnologie assistive, la telemedicina a supporto della deospedalizzazione,  i servizi di assistenza in remoto, la robotica, le tecnologie touch screen post-computer, l\u2019e-learning, le applicazioni user friendly, \u2026.hanno registrato enormi sviluppi in termini  non solo di ricerca, ma anche di sperimentazione, favorendo un sostanziale abbattimento di costi, una crescente personalizzazione delle soluzioni ed una loro integrazione.<br \/>\nD\u2019altro lato si \u00e8 diffusa un\u2019alfabetizzazione digitale che gi\u00e0 oggi interessa percentuali significative di over 65 enni e che induce a presupporre  che gli anziani di domani avranno sempre maggiore dimestichezza con la tecnologia.<br \/>\nQuesti cambiamenti come stanno impattando nella vita reale delle persone, nei sistemi di cura e di cure?<br \/>\nObiettivo dell\u2019evento \u00e8 sviluppare un focus  da un lato sulle soluzioni tecnologiche in grado di favorire  la vita autonoma, di supportare  l\u2019assistenza e la cura a lungo termine al domicilio, la connessione della persona anziana e del caregiver con la rete dei servizi territoriali; dall\u2019altro di favorire un confronto tra decisori pubblici ed operatori in merito agli aspetti organizzativi e funzionali ostacolanti o facilitanti la loro introduzione.<br \/>\nL\u2019iniziativa \u00e8 organizzata da <strong>Anziani e non solo scs<\/strong> in collaborazione con <strong><a href=\"http:\/\/www.exposanita.it\/en\/\" target=\"_blank\" rel=\"noopener\">Exposanit\u00e0<\/a><\/strong> e si avvale del patrocinio della <strong><a href=\"https:\/\/www.regione.emilia-romagna.it\/\" target=\"_blank\" rel=\"noopener\">Regione Emilia Romagna<\/a><\/strong> e di <strong><a href=\"http:\/\/www.associazionecarer.it\/\" target=\"_blank\" rel=\"noopener\">CARER \u2013 Associazione Caregiver Familiari Emilia Romagna<\/a><\/strong>.<br \/>\n<strong>Molteplici i relatori:<\/strong><br \/>\n&#8211; Filippo Cavallo (Istituto di Biorobotica della Scuola Superiore Sant\u2019Anna) far\u00e0 il punto sulla applicabilit\u00e0 concreta di ambienti assistiti, tecnologie ICT e robotica nel contesto domiciliare;<br \/>\n-Loredana Ligabue (Anziani e non solo soc.coop.soc.) illustrer\u00e0 buone pratiche europee di servizi pubblici di telemonitoraggio e teleassistenza alle persone anziane;<br \/>\n-Lorena Rossi (Laboratorio di bioinformatica, bioingegneria e domotica dell\u2019INRCA) illustrer\u00e0 lo stato dell\u2019arte nel monitoraggio domiciliare di persone affette da demenza;<br \/>\n-Licia Boccaletti presenter\u00e0 esperienze di E-learning e applicazioni per la formazione, l\u2019inclusione e l\u2019empowerment dei caregiver.<br \/>\nSeguir\u00e0 una tavola rotonda tra Antonio Brambilla (Res.le Servizio Assistenza Territoriale della Regione Emilia Romagna), Silvio Fedrigotti (Direttore Dipartimento salute e solidariet\u00e0 sociale delle Provincia Autonoma di Trento), M.Luisa Gallinotti (Dirigente del Dipartimento salute  e politiche sociali della Regione Liguria) sul tema : ridefinire i servizi per la domiciliarit\u00e0 inglobando le tecnologie.<br \/>\nI lavori saranno presieduti da  Licia Kyriakoula Petropulacos, Direttore generale sanit\u00e0 e politiche sociali della Regione Emilia Romagna.<\/p>\n","protected":false},"excerpt":{"rendered":"<p>Verso una nuova domiciliarit\u00e0: ambienti di vita assistiti e tecnologie a sostegno della qualit\u00e0 di vita e assistenza alla persona anziana: se ne parla ad Exposanit\u00e0 gioved\u00ec 19 aprile ore 9.30. Bologna  c\/o Exposanit\u00e0, Quartiere Fieristico  Sala Mozart \u2013 pad. 20 corsia B. All&#8217;evento sono stati riconosciuti dall&#8217;Ordine degli Assistenti Sociali Emilia-Romagna, 3 crediti formativi.<\/p>\n","protected":false},"author":1,"featured_media":1895,"comment_status":"closed","ping_status":"closed","sticky":false,"template":"","format":"standard","meta":{"footnotes":""},"categories":[116],"tags":[170],"class_list":["post-1892","post","type-post","status-publish","format-standard","has-post-thumbnail","hentry","category-carfam","tag-exposanita"],"_links":{"self":[{"href":"https:\/\/www.anzianienonsolo.it\/online\/wp-json\/wp\/v2\/posts\/1892"}],"collection":[{"href":"https:\/\/www.anzianienonsolo.it\/online\/wp-json\/wp\/v2\/posts"}],"about":[{"href":"https:\/\/www.anzianienonsolo.it\/online\/wp-json\/wp\/v2\/types\/post"}],"author":[{"embeddable":true,"href":"https:\/\/www.anzianienonsolo.it\/online\/wp-json\/wp\/v2\/users\/1"}],"replies":[{"embeddable":true,"href":"https:\/\/www.anzianienonsolo.it\/online\/wp-json\/wp\/v2\/comments?post=1892"}],"version-history":[{"count":0,"href":"https:\/\/www.anzianienonsolo.it\/online\/wp-json\/wp\/v2\/posts\/1892\/revisions"}],"wp:featuredmedia":[{"embeddable":true,"href":"https:\/\/www.anzianienonsolo.it\/online\/wp-json\/wp\/v2\/media\/1895"}],"wp:attachment":[{"href":"https:\/\/www.anzianienonsolo.it\/online\/wp-json\/wp\/v2\/media?parent=1892"}],"wp:term":[{"taxonomy":"category","embeddable":true,"href":"https:\/\/www.anzianienonsolo.it\/online\/wp-json\/wp\/v2\/categories?post=1892"},{"taxonomy":"post_tag","embeddable":true,"href":"https:\/\/www.anzianienonsolo.it\/online\/wp-json\/wp\/v2\/tags?post=1892"}],"curies":[{"name":"wp","href":"https:\/\/api.w.org\/{rel}","templated":true}]}}