{"id":1851,"date":"2018-03-19T11:42:06","date_gmt":"2018-03-19T10:42:06","guid":{"rendered":"http:\/\/www.anzianienonsolo.it\/?p=1851"},"modified":"2018-03-19T11:42:06","modified_gmt":"2018-03-19T10:42:06","slug":"anziani-e-non-solo-a-exposanita-giovedi-19-aprile-2018","status":"publish","type":"post","link":"https:\/\/www.anzianienonsolo.it\/online\/anziani-e-non-solo-a-exposanita-giovedi-19-aprile-2018\/","title":{"rendered":"Anziani e non solo a Exposanit\u00e0, gioved\u00ec 19 aprile 2018"},"content":{"rendered":"<p><strong>VERSO UNA NUOVA DOMICILIARIT\u00c0: AMBIENTI DI VITA ASSISTITI E TECNOLOGIE A SOSTEGNO DELLA QUALIT\u00c0 DI VITA E ASSISTENZA ALLA PERSONA ANZIANA<\/strong><br \/>\ngioved\u00ec 19 aprile 2018 | ore 9.30 &#8211; 13.00<br \/>\nBologna c\/o Exposanit\u00e0, Quartiere Fieristico<br \/>\nSala Mozart \u2013 pad. 20 corsia B.<br \/>\n<strong>Presiede e modera:<\/strong> Petropulacos Kyriakoula Licia, Direttore generale sanit\u00e0 e<br \/>\npolitiche sociali, Regione Emilia-Romagna<br \/>\n<strong>9.40 |Ambienti assistiti, tecnologie ICT e robotica integrata per l\u2019autonomia e l\u2019inclusione delle persone anziane: da ambito di ricerca a reale opportunit\u00e0<\/strong><br \/>\nFilippo Cavallo, Istituto di Biorobotica, Scuola Superiore Sant\u2019Anna<br \/>\n<strong>10.00 | Invecchiamento e domiciliarit\u00e0 : buone pratiche europee di servizi pubblici di telemonitoraggio e teleassistenza alle persone anziane<\/strong><br \/>\nLoredana Ligabue, Anziani e non solo soc coop soc<br \/>\n<strong>10.20 | Monitoraggio domiciliare di persone affette da demenza<\/strong><br \/>\nLorena Rossi, Laboratorio di bioinformatica, bioingegneria e domotica INRCA<br \/>\n<strong>10.40 | E-Learning e applicazioni per la formazione, l\u2019inclusione e l\u2019empowerment del caregiver<\/strong><br \/>\nBoccaletti Licia, Anziani e non solo soc coop soc<br \/>\n<strong>11.15 | TAVOLA ROTONDA: RIDEFINIRE I SERVIZI PER LA DOMICILIARIT\u00c0 INGLOBANDO LE TECNOLOGIE<\/strong><br \/>\nAntonio Brambilla, Responsabile Servizio Assistenza Territoriale, Regione Emilia-Romagna<br \/>\nSilvio Fedrigotti, Direttore Dipartimento salute e solidariet\u00e0 sociale, Provincia Autonoma di Trento<br \/>\nMaria Luisa Gallinotti, Dirigente Dipartimento salute e politiche sociali, Regione Liguria<br \/>\nModeratore: Alberto Bellelli, Responsabile Welfare &#8211; ANCI Emilia-Romagna<br \/>\n12.15 -13.00 Interventi dal pubblico<br \/>\n<strong>Sono stati richiesti crediti formativi ECM e crediti formativi all\u2019Ordine degli assistenti sociali<\/strong><br \/>\n<a href=\"http:\/\/www.anzianienonsolo.it\/online\/wp-content\/uploads\/2018\/02\/Invito_Exposanita_2018.pdf\">Scarica il programma completo in versione .pdf<\/a><br \/>\n<strong>Per iscrizioni: <\/strong><br \/>\nInvia una mail a <a href=\"mailto:info@anzianienonsolo.it\">info@anzianienonsolo.it<\/a> oppure compila il modulo alla pagina: <strong><a href=\"http:\/\/www.caregiverfamiliare.it\/?p=1540\">http:\/\/www.caregiverfamiliare.it\/?p=1540<\/a><\/strong><br \/>\nSono stati riconosciuti 3 crediti formativi ecm e richiesti crediti formativi all\u2019ordine degli assistenti sociali.<\/p>\n","protected":false},"excerpt":{"rendered":"<p>ore 9.30 \u2013 13.00 Bologna c\/o Exposanit\u00e0, Quartiere Fieristico \u2013 VERSO UNA NUOVA DOMICILIARIT\u00c0: AMBIENTI DI VITA ASSISTITI E TECNOLOGIE A SOSTEGNO DELLA QUALIT\u00c0 DI VITA E ASSISTENZA ALLA PERSONA ANZIANA.<\/p>\n","protected":false},"author":1,"featured_media":1852,"comment_status":"closed","ping_status":"closed","sticky":false,"template":"","format":"standard","meta":{"footnotes":""},"categories":[116],"tags":[],"class_list":["post-1851","post","type-post","status-publish","format-standard","has-post-thumbnail","hentry","category-carfam"],"_links":{"self":[{"href":"https:\/\/www.anzianienonsolo.it\/online\/wp-json\/wp\/v2\/posts\/1851"}],"collection":[{"href":"https:\/\/www.anzianienonsolo.it\/online\/wp-json\/wp\/v2\/posts"}],"about":[{"href":"https:\/\/www.anzianienonsolo.it\/online\/wp-json\/wp\/v2\/types\/post"}],"author":[{"embeddable":true,"href":"https:\/\/www.anzianienonsolo.it\/online\/wp-json\/wp\/v2\/users\/1"}],"replies":[{"embeddable":true,"href":"https:\/\/www.anzianienonsolo.it\/online\/wp-json\/wp\/v2\/comments?post=1851"}],"version-history":[{"count":0,"href":"https:\/\/www.anzianienonsolo.it\/online\/wp-json\/wp\/v2\/posts\/1851\/revisions"}],"wp:featuredmedia":[{"embeddable":true,"href":"https:\/\/www.anzianienonsolo.it\/online\/wp-json\/wp\/v2\/media\/1852"}],"wp:attachment":[{"href":"https:\/\/www.anzianienonsolo.it\/online\/wp-json\/wp\/v2\/media?parent=1851"}],"wp:term":[{"taxonomy":"category","embeddable":true,"href":"https:\/\/www.anzianienonsolo.it\/online\/wp-json\/wp\/v2\/categories?post=1851"},{"taxonomy":"post_tag","embeddable":true,"href":"https:\/\/www.anzianienonsolo.it\/online\/wp-json\/wp\/v2\/tags?post=1851"}],"curies":[{"name":"wp","href":"https:\/\/api.w.org\/{rel}","templated":true}]}}